{"id":97089,"date":"2025-01-10T09:07:59","date_gmt":"2025-01-10T12:07:59","guid":{"rendered":"https:\/\/tvc16.com\/portal\/?p=97089"},"modified":"2025-01-10T09:08:02","modified_gmt":"2025-01-10T12:08:02","slug":"tcu-arquiva-denuncia-e-secom-podera-retomar-licitacao","status":"publish","type":"post","link":"https:\/\/tvc16.com\/portal\/2025\/01\/10\/tcu-arquiva-denuncia-e-secom-podera-retomar-licitacao\/","title":{"rendered":"TCU arquiva den\u00fancia e Secom poder\u00e1 retomar licita\u00e7\u00e3o"},"content":{"rendered":"\n<p><em>Certame estava suspenso desde julho do ano passado<\/em><\/p>\n\n\n\n<p>Por Ag\u00eancia Brasil \/ Foto: Valter Campanato\/Ag\u00eancia Brasil<\/p>\n\n\n\n<p><\/p>\n\n\n\n<p>O ministro Aroldo Cedraz, do Tribunal de Contas da Uni\u00e3o (TCU), determinou o arquivamento da den\u00fancia por suposta irregularidade em licita\u00e7\u00e3o da Secretaria de Comunica\u00e7\u00e3o Social da Presid\u00eancia da Rep\u00fablica (Secom\/PR) para a contrata\u00e7\u00e3o de servi\u00e7os de comunica\u00e7\u00e3o digital.<img decoding=\"async\" src=\"https:\/\/agenciabrasil.ebc.com.br\/ebc.png?id=1626439&amp;o=node\"><img decoding=\"async\" src=\"https:\/\/agenciabrasil.ebc.com.br\/ebc.gif?id=1626439&amp;o=node\"><\/p>\n\n\n\n<p>A licita\u00e7\u00e3o, no valor de R$ 197,7 milh\u00f5es, j\u00e1 estava&nbsp;<a href=\"https:\/\/agenciabrasil.ebc.com.br\/geral\/noticia\/2024-07\/secom-suspende-concorrencia-para-contrato-digital\" target=\"_blank\" rel=\"noreferrer noopener\">suspensa<\/a>&nbsp;desde julho do ano passado, por ordem do pr\u00f3prio TCU, ap\u00f3s uma representa\u00e7\u00e3o feita pelo Minist\u00e9rio P\u00fablico de Contas apontar quebra de sigilo do resultado das propostas apresentadas pelas empresas licitantes.<\/p>\n\n\n\n<p>Na avalia\u00e7\u00e3o do ministro, que relatou o processo, a representa\u00e7\u00e3o perdeu objeto e n\u00e3o ficou demonstrada nenhuma pr\u00e1tica il\u00edcita no procedimento. &nbsp;<\/p>\n\n\n\n<p>&#8220;Considerando que a instru\u00e7\u00e3o derradeira da unidade t\u00e9cnica afastou a necessidade de serem promovidas determina\u00e7\u00f5es corretivas para futuro certame, ante o pleno esclarecimento prestado pela Secom\/PR, bem como a superveniente revoga\u00e7\u00e3o da licita\u00e7\u00e3o objeto destes autos, mostra-se for\u00e7oso reconhecer a perda de objeto desta representa\u00e7\u00e3o, que tratou especificamente de ind\u00edcios de falhas na manuten\u00e7\u00e3o do sigilo das propostas da Concorr\u00eancia 1\/2024&#8221;, decidiu Cedraz, em despacho publicado nesta quinta-feira (9).<\/p>\n\n\n\n<p>Cedraz disse ainda &#8220;que, apesar da gravidade dos fatos narrados nesta representa\u00e7\u00e3o, n\u00e3o foram coligidos aos autos elementos que minimamente sustentassem a ocorr\u00eancia do suposto il\u00edcito, o que impede, a meu ver, o encaminhamento ao \u00f3rg\u00e3o policial de meras ila\u00e7\u00f5es ou suposi\u00e7\u00f5es&#8221;.<\/p>\n\n\n\n<p>Com a decis\u00e3o, a Secom poder\u00e1 retomar o processo de licita\u00e7\u00e3o de comunica\u00e7\u00e3o digital que ficou pendente.<br><\/p>\n","protected":false},"excerpt":{"rendered":"<p>Certame estava suspenso desde julho do ano passado Por Ag\u00eancia Brasil \/ Foto: Valter Campanato\/Ag\u00eancia<\/p>\n","protected":false},"author":2,"featured_media":97090,"comment_status":"open","ping_status":"open","sticky":false,"template":"","format":"standard","meta":{"footnotes":""},"categories":[17],"tags":[],"class_list":["post-97089","post","type-post","status-publish","format-standard","has-post-thumbnail","hentry","category-outras-noticias"],"_links":{"self":[{"href":"https:\/\/tvc16.com\/portal\/wp-json\/wp\/v2\/posts\/97089","targetHints":{"allow":["GET"]}}],"collection":[{"href":"https:\/\/tvc16.com\/portal\/wp-json\/wp\/v2\/posts"}],"about":[{"href":"https:\/\/tvc16.com\/portal\/wp-json\/wp\/v2\/types\/post"}],"author":[{"embeddable":true,"href":"https:\/\/tvc16.com\/portal\/wp-json\/wp\/v2\/users\/2"}],"replies":[{"embeddable":true,"href":"https:\/\/tvc16.com\/portal\/wp-json\/wp\/v2\/comments?post=97089"}],"version-history":[{"count":1,"href":"https:\/\/tvc16.com\/portal\/wp-json\/wp\/v2\/posts\/97089\/revisions"}],"predecessor-version":[{"id":97091,"href":"https:\/\/tvc16.com\/portal\/wp-json\/wp\/v2\/posts\/97089\/revisions\/97091"}],"wp:featuredmedia":[{"embeddable":true,"href":"https:\/\/tvc16.com\/portal\/wp-json\/wp\/v2\/media\/97090"}],"wp:attachment":[{"href":"https:\/\/tvc16.com\/portal\/wp-json\/wp\/v2\/media?parent=97089"}],"wp:term":[{"taxonomy":"category","embeddable":true,"href":"https:\/\/tvc16.com\/portal\/wp-json\/wp\/v2\/categories?post=97089"},{"taxonomy":"post_tag","embeddable":true,"href":"https:\/\/tvc16.com\/portal\/wp-json\/wp\/v2\/tags?post=97089"}],"curies":[{"name":"wp","href":"https:\/\/api.w.org\/{rel}","templated":true}]}}