{"id":97092,"date":"2025-01-10T09:08:59","date_gmt":"2025-01-10T12:08:59","guid":{"rendered":"https:\/\/tvc16.com\/portal\/?p=97092"},"modified":"2025-01-10T09:09:01","modified_gmt":"2025-01-10T12:09:01","slug":"normas-da-meta-que-permitem-preconceitos-sao-publicadas-em-portugues","status":"publish","type":"post","link":"https:\/\/tvc16.com\/portal\/2025\/01\/10\/normas-da-meta-que-permitem-preconceitos-sao-publicadas-em-portugues\/","title":{"rendered":"Normas da Meta que permitem preconceitos s\u00e3o publicadas em portugu\u00eas"},"content":{"rendered":"\n<p><em>Empresa anunciou fim da checagem de fatos<\/em><\/p>\n\n\n\n<p>Por Luiz Claudio Ferreira &#8211; Rep\u00f3rter da Ag\u00eancia Brasil <\/p>\n\n\n\n<p><\/p>\n\n\n\n<p>Dona das redes sociais&nbsp;<em>Instagram<\/em>,&nbsp;<em>Facebook<\/em>&nbsp;e&nbsp;<em>Threads<\/em>, al\u00e9m do aplicativo de mensagens&nbsp;<em>Whatsapp<\/em>, a empresa Meta atualizou, nesta quinta-feira (9), tamb\u00e9m para a l\u00edngua portuguesa, as novas regras para eventuais exclus\u00f5es de postagens, no item Padr\u00f5es da comunidade\/Conduta de \u00d3dio. Um texto com as normas, divulgado no \u00faltimo dia 7 em ingl\u00eas, trouxe a permiss\u00e3o de publica\u00e7\u00f5es preconceituosas.&nbsp;<a href=\"https:\/\/transparency.meta.com\/pt-br\/policies\/community-standards\/hate-speech\/\" target=\"_blank\" rel=\"noreferrer noopener\">Confira a p\u00e1gina<\/a>.<img decoding=\"async\" src=\"https:\/\/agenciabrasil.ebc.com.br\/ebc.png?id=1626436&amp;o=node\"><img decoding=\"async\" src=\"https:\/\/agenciabrasil.ebc.com.br\/ebc.gif?id=1626436&amp;o=node\"><\/p>\n\n\n\n<p>A empresa informou, por exemplo, que permite \u201calega\u00e7\u00f5es de doen\u00e7a mental ou anormalidade quando baseadas em g\u00eanero ou orienta\u00e7\u00e3o sexual, considerando discursos pol\u00edticos e religiosos sobre transgenerismo e homossexualidade, bem como o uso comum e n\u00e3o literal de termos como esquisito&#8221;.<\/p>\n\n\n\n<h2 class=\"wp-block-heading\">Cren\u00e7as religiosas<\/h2>\n\n\n\n<p>Al\u00e9m desse trecho, h\u00e1 outras permiss\u00f5es preconceituosas relacionadas a padr\u00f5es de g\u00eanero, como a de conte\u00fados que defendem limita\u00e7\u00f5es baseadas em g\u00eanero para empregos militares, policiais e de ensino. \u201cTamb\u00e9m permitimos conte\u00fado similar relacionado \u00e0 orienta\u00e7\u00e3o sexual, desde que fundamentado em cren\u00e7as religiosas\u201d detalhou a empresa.<\/p>\n\n\n\n<p>Ainda sobre o tema, a Meta considera que as pessoas usam \u201clinguagem espec\u00edfica de sexo ou g\u00eanero\u201d para discuss\u00e3o sobre o acesso a espa\u00e7os como banheiros, escolas, cargos militares, policiais ou de ensino, al\u00e9m de grupos de sa\u00fade ou apoio.&nbsp;<\/p>\n\n\n\n<h2 class=\"wp-block-heading\">No contexto das separa\u00e7\u00f5es<\/h2>\n\n\n\n<p>O texto ainda aborda que h\u00e1 solicita\u00e7\u00f5es de exclus\u00e3o ou uso de linguagem ofensiva ao abordar t\u00f3picos pol\u00edticos ou religiosos, como direitos de pessoas transg\u00eanero, imigra\u00e7\u00e3o ou homossexualidade.&nbsp;<\/p>\n\n\n\n<p>\u201cTamb\u00e9m \u00e9 comum que xingamentos a um g\u00eanero ocorram no contexto de separa\u00e7\u00f5es amorosas. Nossas pol\u00edticas foram criadas para dar espa\u00e7o a esses tipos de discurso\u201d, destacou a Meta.<\/p>\n\n\n\n<p>Na introdu\u00e7\u00e3o, ela defende que reconhece que as pessoas podem compartilhar conte\u00fados que incluem cal\u00fanias ou discurso de outra pessoa para condenar o discurso ou denunci\u00e1-lo.<\/p>\n\n\n\n<p>\u201cEm outros casos, discursos, incluindo cal\u00fanias que poderiam violar nossos padr\u00f5es s\u00e3o usados de forma auto referencial ou empoderadora. Permitimos esse tipo de discurso quando a inten\u00e7\u00e3o da pessoa est\u00e1 claramente definida\u201d especificou, explicando, a seguir, que, se a inten\u00e7\u00e3o n\u00e3o estiver clara, poder\u00e1 remover o conte\u00fado.<\/p>\n\n\n\n<h2 class=\"wp-block-heading\">Se for s\u00e1tira&#8230;<\/h2>\n\n\n\n<p>Ao final, o texto sinaliza que, em \u201ccertos casos\u201d, pode permitir conte\u00fado que possa n\u00e3o seguir os \u201cPadr\u00f5es da Comunidade\u201d, se tiver como objetivo a ironia. \u201cO conte\u00fado s\u00f3 ser\u00e1 permitido se os elementos violadores dele forem s\u00e1tiras ou atribu\u00eddos a algo ou algu\u00e9m com o objetivo de zombar ou criticar\u201d, assinala.<\/p>\n\n\n\n<p>As mudan\u00e7as da Meta atendem exig\u00eancias do presidente eleito dos Estados Unidos (EUA), Donald Trump, em rela\u00e7\u00e3o ao funcionamento das redes sociais. O dono da Meta, Mark Zuckerberg, afirmou, ainda, que ir\u00e1 se aliar a Trump contra pa\u00edses que criam regras para o funcionamento das plataformas.<\/p>\n\n\n\n<h2 class=\"wp-block-heading\">&#8220;Brasil n\u00e3o \u00e9 terra sem lei&#8221;<\/h2>\n\n\n\n<p>As normas da Meta, desde a sua divulga\u00e7\u00e3o, t\u00eam sido criticadas pelos poderes p\u00fablicos e entidades civis.<\/p>\n\n\n\n<p>O presidente Lula, por exemplo, afirmou nesta quinta-feira (9) que far\u00e1 uma reuni\u00e3o para discutir as novas regras anunciadas pela multinacional Meta.<\/p>\n\n\n\n<p>&#8220;O que n\u00f3s queremos, na verdade, \u00e9 que cada pa\u00eds tenha sua soberania resguardada. N\u00e3o pode um cidad\u00e3o, n\u00e3o podem dois cidad\u00e3os, n\u00e3o podem tr\u00eas cidad\u00e3os achar que podem ferir a soberania de uma na\u00e7\u00e3o&#8221;, disse Lula nesta quinta-feira (9).&nbsp;<\/p>\n\n\n\n<p>A Advocacia-Geral da Uni\u00e3o (AGU), inclusive, manifestou que o Brasil n\u00e3o \u00e9 \u201cterra sem lei\u201d e que ir\u00e1 agir contra as mudan\u00e7as na pol\u00edtica de modera\u00e7\u00e3o de conte\u00fado das redes sociais da Meta a partir do momento que elas afetem a democracia ou violem as leis brasileiras.<\/p>\n\n\n\n<p>A Associa\u00e7\u00e3o Nacional de Travestis e Transexuais (Antra) protocolou representa\u00e7\u00e3o no Minist\u00e9rio P\u00fablico Federal (MPF) contra a Meta. \u201cO estado brasileiro precisa dar respostas contundentes a essa situa\u00e7\u00e3o! Inadmiss\u00edvel que isso ocorra quando temos leis que nos protegem!\u201d, assinalou.<\/p>\n","protected":false},"excerpt":{"rendered":"<p>Empresa anunciou fim da checagem de fatos Por Luiz Claudio Ferreira &#8211; Rep\u00f3rter da Ag\u00eancia<\/p>\n","protected":false},"author":2,"featured_media":40331,"comment_status":"open","ping_status":"open","sticky":false,"template":"","format":"standard","meta":{"footnotes":""},"categories":[17],"tags":[],"class_list":["post-97092","post","type-post","status-publish","format-standard","has-post-thumbnail","hentry","category-outras-noticias"],"_links":{"self":[{"href":"https:\/\/tvc16.com\/portal\/wp-json\/wp\/v2\/posts\/97092","targetHints":{"allow":["GET"]}}],"collection":[{"href":"https:\/\/tvc16.com\/portal\/wp-json\/wp\/v2\/posts"}],"about":[{"href":"https:\/\/tvc16.com\/portal\/wp-json\/wp\/v2\/types\/post"}],"author":[{"embeddable":true,"href":"https:\/\/tvc16.com\/portal\/wp-json\/wp\/v2\/users\/2"}],"replies":[{"embeddable":true,"href":"https:\/\/tvc16.com\/portal\/wp-json\/wp\/v2\/comments?post=97092"}],"version-history":[{"count":1,"href":"https:\/\/tvc16.com\/portal\/wp-json\/wp\/v2\/posts\/97092\/revisions"}],"predecessor-version":[{"id":97093,"href":"https:\/\/tvc16.com\/portal\/wp-json\/wp\/v2\/posts\/97092\/revisions\/97093"}],"wp:featuredmedia":[{"embeddable":true,"href":"https:\/\/tvc16.com\/portal\/wp-json\/wp\/v2\/media\/40331"}],"wp:attachment":[{"href":"https:\/\/tvc16.com\/portal\/wp-json\/wp\/v2\/media?parent=97092"}],"wp:term":[{"taxonomy":"category","embeddable":true,"href":"https:\/\/tvc16.com\/portal\/wp-json\/wp\/v2\/categories?post=97092"},{"taxonomy":"post_tag","embeddable":true,"href":"https:\/\/tvc16.com\/portal\/wp-json\/wp\/v2\/tags?post=97092"}],"curies":[{"name":"wp","href":"https:\/\/api.w.org\/{rel}","templated":true}]}}