{"id":97094,"date":"2025-01-10T09:10:00","date_gmt":"2025-01-10T12:10:00","guid":{"rendered":"https:\/\/tvc16.com\/portal\/?p=97094"},"modified":"2025-01-10T09:10:02","modified_gmt":"2025-01-10T12:10:02","slug":"dolar-cai-para-r-604-e-fecha-no-menor-valor-em-quase-um-mes","status":"publish","type":"post","link":"https:\/\/tvc16.com\/portal\/2025\/01\/10\/dolar-cai-para-r-604-e-fecha-no-menor-valor-em-quase-um-mes\/","title":{"rendered":"D\u00f3lar cai para R$ 6,04 e fecha no menor valor em quase um m\u00eas"},"content":{"rendered":"\n<p><em>Bolsa de Valores fica praticamente est\u00e1vel, abaixo dos 120 mil pontos<\/em><\/p>\n\n\n\n<p>Por Welton M\u00e1ximo &#8211; Rep\u00f3rter da Ag\u00eancia Brasil <\/p>\n\n\n\n<p><\/p>\n\n\n\n<p>Num dia de ajustes e de feriado parcial nos Estados Unidos, o d\u00f3lar teve forte queda e fechou no menor n\u00edvel em quase um m\u00eas. A Bolsa de Valores (B3) perdeu for\u00e7a perto do fim das negocia\u00e7\u00f5es e ficou praticamente est\u00e1vel, abaixo dos 120 mil pontos.<img decoding=\"async\" src=\"https:\/\/agenciabrasil.ebc.com.br\/ebc.png?id=1626393&amp;o=node\"><img decoding=\"async\" src=\"https:\/\/agenciabrasil.ebc.com.br\/ebc.gif?id=1626393&amp;o=node\"><\/p>\n\n\n\n<p>O d\u00f3lar comercial encerrou esta quinta-feira (9) vendido a R$ 6,041, com queda de R$ 0,068 (-1,11%). A cota\u00e7\u00e3o iniciou o dia em leve alta, influenciada pelo aumento do d\u00f3lar no exterior, mas passou a cair ap\u00f3s o fechamento do mercado norte-americano, que funcionou em hor\u00e1rio reduzido por causa do funeral do ex-presidente Jimmy Carter.<\/p>\n\n\n\n<p>A cota\u00e7\u00e3o est\u00e1 no menor valor desde 13 de dezembro, quando estava em R$ 6,03. Com o desempenho de hoje, a moeda norte-americana acumula queda de 2,25% em 2025.<\/p>\n\n\n\n<h2 class=\"wp-block-heading\">Bolsa<\/h2>\n\n\n\n<p>No mercado de a\u00e7\u00f5es, o dia foi marcado pela volatilidade. Em dia de poucos neg\u00f3cios, o \u00edndice Ibovespa, da B3, fechou aos 119.781 pontos, com alta de 0,13%. O indicador chegou a subir 0,44% \u00e0s 14h11, mas desacelerou nas horas finais da sess\u00e3o.<\/p>\n\n\n\n<p>Com o fechamento mais cedo do mercado norte-americano, os investidores se voltaram para os fatores internos. Sem not\u00edcias relevantes para a economia no cen\u00e1rio dom\u00e9stico, prevaleceu o ajuste de posi\u00e7\u00f5es com os investidores vendendo d\u00f3lares para embolsar lucros recentes. A valoriza\u00e7\u00e3o do min\u00e9rio de ferro e do petr\u00f3leo no mercado internacional e os juros altos no Brasil ajudaram a atrair capitais externos para o pa\u00eds.<br><\/p>\n","protected":false},"excerpt":{"rendered":"<p>Bolsa de Valores fica praticamente est\u00e1vel, abaixo dos 120 mil pontos Por Welton M\u00e1ximo &#8211;<\/p>\n","protected":false},"author":2,"featured_media":71094,"comment_status":"open","ping_status":"open","sticky":false,"template":"","format":"standard","meta":{"footnotes":""},"categories":[17],"tags":[],"class_list":["post-97094","post","type-post","status-publish","format-standard","has-post-thumbnail","hentry","category-outras-noticias"],"_links":{"self":[{"href":"https:\/\/tvc16.com\/portal\/wp-json\/wp\/v2\/posts\/97094","targetHints":{"allow":["GET"]}}],"collection":[{"href":"https:\/\/tvc16.com\/portal\/wp-json\/wp\/v2\/posts"}],"about":[{"href":"https:\/\/tvc16.com\/portal\/wp-json\/wp\/v2\/types\/post"}],"author":[{"embeddable":true,"href":"https:\/\/tvc16.com\/portal\/wp-json\/wp\/v2\/users\/2"}],"replies":[{"embeddable":true,"href":"https:\/\/tvc16.com\/portal\/wp-json\/wp\/v2\/comments?post=97094"}],"version-history":[{"count":1,"href":"https:\/\/tvc16.com\/portal\/wp-json\/wp\/v2\/posts\/97094\/revisions"}],"predecessor-version":[{"id":97095,"href":"https:\/\/tvc16.com\/portal\/wp-json\/wp\/v2\/posts\/97094\/revisions\/97095"}],"wp:featuredmedia":[{"embeddable":true,"href":"https:\/\/tvc16.com\/portal\/wp-json\/wp\/v2\/media\/71094"}],"wp:attachment":[{"href":"https:\/\/tvc16.com\/portal\/wp-json\/wp\/v2\/media?parent=97094"}],"wp:term":[{"taxonomy":"category","embeddable":true,"href":"https:\/\/tvc16.com\/portal\/wp-json\/wp\/v2\/categories?post=97094"},{"taxonomy":"post_tag","embeddable":true,"href":"https:\/\/tvc16.com\/portal\/wp-json\/wp\/v2\/tags?post=97094"}],"curies":[{"name":"wp","href":"https:\/\/api.w.org\/{rel}","templated":true}]}}