{"id":97113,"date":"2025-01-10T09:55:59","date_gmt":"2025-01-10T12:55:59","guid":{"rendered":"https:\/\/tvc16.com\/portal\/?p=97113"},"modified":"2025-01-10T09:56:24","modified_gmt":"2025-01-10T12:56:24","slug":"conselho-deliberativo-aprova-novos-diretores-do-sehac-em-reuniao-nesta-quinta-feira-09","status":"publish","type":"post","link":"https:\/\/tvc16.com\/portal\/2025\/01\/10\/conselho-deliberativo-aprova-novos-diretores-do-sehac-em-reuniao-nesta-quinta-feira-09\/","title":{"rendered":"Conselho Deliberativo aprova novos diretores do SEHAC em reuni\u00e3o nesta quinta-feira"},"content":{"rendered":"\n<p>Os nomes de Gustavo Carneiro e Jo\u00e3o Jos\u00e9 Cruz foram aprovados pelo Conselho Deliberativo do Servi\u00e7o Social Aut\u00f4nomo Hospital Alcides Carneiro (SEHAC) durante reuni\u00e3o realizada nesta quinta-feira (09). Eles v\u00e3o ocupar, respectivamente, os cargos de Diretor Presidente e Diretor de Administra\u00e7\u00e3o, Finan\u00e7as e Patrim\u00f4nio da institui\u00e7\u00e3o.<\/p>\n\n\n\n<p>A reuni\u00e3o marcou a consolida\u00e7\u00e3o das indica\u00e7\u00f5es e teve como objetivo garantir a continuidade das a\u00e7\u00f5es estrat\u00e9gicas da institui\u00e7\u00e3o. &#8220;A aprova\u00e7\u00e3o desses nomes refor\u00e7a nosso compromisso com a melhoria cont\u00ednua da sa\u00fade no munic\u00edpio. Estamos confiantes de que eles far\u00e3o uma gest\u00e3o eficiente e focada no atendimento \u00e0 popula\u00e7\u00e3o&#8221;, afirmou o prefeito Hingo Hammes.<\/p>\n\n\n\n<p>O secret\u00e1rio de Sa\u00fade, Luis Cruzick, destacou a import\u00e2ncia das novas nomea\u00e7\u00f5es. &#8220;Esses profissionais t\u00eam um hist\u00f3rico de dedica\u00e7\u00e3o e compet\u00eancia. Com certeza, contribuir\u00e3o para fortalecer o SEHAC e garantir que o atendimento no Hospital Alcides Carneiro continue sendo refer\u00eancia para a popula\u00e7\u00e3o&#8221;, disse.<\/p>\n\n\n\n<p>Com os novos diretores, o SEHAC busca intensificar os esfor\u00e7os para oferecer servi\u00e7os de sa\u00fade cada vez mais qualificados \u00e0 popula\u00e7\u00e3o, priorizando gest\u00e3o transparente e resultados concretos.<\/p>\n","protected":false},"excerpt":{"rendered":"<p>Os nomes de Gustavo Carneiro e Jo\u00e3o Jos\u00e9 Cruz foram aprovados pelo Conselho Deliberativo do<\/p>\n","protected":false},"author":2,"featured_media":97114,"comment_status":"open","ping_status":"open","sticky":false,"template":"","format":"standard","meta":{"footnotes":""},"categories":[12],"tags":[],"class_list":["post-97113","post","type-post","status-publish","format-standard","has-post-thumbnail","hentry","category-cidade"],"_links":{"self":[{"href":"https:\/\/tvc16.com\/portal\/wp-json\/wp\/v2\/posts\/97113","targetHints":{"allow":["GET"]}}],"collection":[{"href":"https:\/\/tvc16.com\/portal\/wp-json\/wp\/v2\/posts"}],"about":[{"href":"https:\/\/tvc16.com\/portal\/wp-json\/wp\/v2\/types\/post"}],"author":[{"embeddable":true,"href":"https:\/\/tvc16.com\/portal\/wp-json\/wp\/v2\/users\/2"}],"replies":[{"embeddable":true,"href":"https:\/\/tvc16.com\/portal\/wp-json\/wp\/v2\/comments?post=97113"}],"version-history":[{"count":2,"href":"https:\/\/tvc16.com\/portal\/wp-json\/wp\/v2\/posts\/97113\/revisions"}],"predecessor-version":[{"id":97116,"href":"https:\/\/tvc16.com\/portal\/wp-json\/wp\/v2\/posts\/97113\/revisions\/97116"}],"wp:featuredmedia":[{"embeddable":true,"href":"https:\/\/tvc16.com\/portal\/wp-json\/wp\/v2\/media\/97114"}],"wp:attachment":[{"href":"https:\/\/tvc16.com\/portal\/wp-json\/wp\/v2\/media?parent=97113"}],"wp:term":[{"taxonomy":"category","embeddable":true,"href":"https:\/\/tvc16.com\/portal\/wp-json\/wp\/v2\/categories?post=97113"},{"taxonomy":"post_tag","embeddable":true,"href":"https:\/\/tvc16.com\/portal\/wp-json\/wp\/v2\/tags?post=97113"}],"curies":[{"name":"wp","href":"https:\/\/api.w.org\/{rel}","templated":true}]}}