{"id":97126,"date":"2025-01-11T07:00:00","date_gmt":"2025-01-11T10:00:00","guid":{"rendered":"https:\/\/tvc16.com\/portal\/?p=97126"},"modified":"2025-01-10T17:52:51","modified_gmt":"2025-01-10T20:52:51","slug":"teatros-e-museus-estaduais-vao-operar-com-energia-solar","status":"publish","type":"post","link":"https:\/\/tvc16.com\/portal\/2025\/01\/11\/teatros-e-museus-estaduais-vao-operar-com-energia-solar\/","title":{"rendered":"Teatros\u00a0e museus estaduais v\u00e3o operar com energia solar"},"content":{"rendered":"\n<p><br><em>Ao todo, oito equipamentos da Funarj ser\u00e3o operados com fonte renov\u00e1vel<\/em><\/p>\n\n\n\n<p>O Governo do Estado prepara a transi\u00e7\u00e3o energ\u00e9tica para a opera\u00e7\u00e3o de oito equipamentos administrados pela Funda\u00e7\u00e3o Anita Mantuano de Artes do Estado do Rio de Janeiro (Funarj). Os teatros e museus da rede receber\u00e3o instala\u00e7\u00e3o para funcionarem com energia limpa, uma a\u00e7\u00e3o do Programa ECO Funarj. O projeto, pioneiro na capta\u00e7\u00e3o de energia solar em teatros e museus p\u00fablicos, prev\u00ea a instala\u00e7\u00e3o de mais de 800 placas fotovoltaicas para capta\u00e7\u00e3o de energia solar nas edifica\u00e7\u00f5es, al\u00e9m da cria\u00e7\u00e3o de cinco esta\u00e7\u00f5es de produ\u00e7\u00e3o de energia.<br>&#8212; Estamos trabalhando para tornar o Estado do Rio de Janeiro um exemplo na opera\u00e7\u00e3o dos servi\u00e7os e para manter o funcionamento dos equipamentos p\u00fablicos da forma mais sustent\u00e1vel e ambientalmente correta, de acordo com os padr\u00f5es internacionais. Fazemos uma gest\u00e3o focada na agenda 2030 e pautada pelos Objetivos de Desenvolvimento Sustent\u00e1vel da ONU, promovendo um ambiente mais seguro e preservado para as futuras gera\u00e7\u00f5es \u2013 avalia o governador Cl\u00e1udio Castro.<\/p>\n\n\n\n<p>As esta\u00e7\u00f5es funcionar\u00e3o nos teatro Jo\u00e3o Caetano, Sala Cec\u00edlia Meireles, Armando Gonzaga, Arthur Azevedo e M\u00e1rio Lago. Os cr\u00e9ditos gerados pelas esta\u00e7\u00f5es v\u00e3o abastecer, al\u00e9m dessas unidades, o Museu Carmen Miranda, a Casa de Cultura Laura Alvim e o Teatro Gl\u00e1ucio Gil.<\/p>\n\n\n\n<p>&#8212; Todos os teatros da Funarj v\u00e3o receber energia limpa, alguns v\u00e3o produzir e outros apenas receber os cr\u00e9ditos. Esse projeto \u00e9 uma forma de unir a arte e a sustentabilidade nos equipamentos culturais &#8211; afirma Jackson Emerick, presidente da funda\u00e7\u00e3o. Os cr\u00e9ditos de energia solar s\u00e3o um sistema de compensa\u00e7\u00e3o que permite aos consumidores receberem descontos ou abatimentos em suas contas de energia el\u00e9trica.<\/p>\n\n\n\n<p>Quatro unidades j\u00e1 receberam os equipamentos para instala\u00e7\u00e3o e a chegada dos aparelhos ao Teatro Jo\u00e3o Caetano est\u00e1 prevista para este m\u00eas. Os cr\u00e9ditos acumulados registrados pela concession\u00e1ria de energia v\u00e3o ser utilizados para abater o consumo em outros locais.<\/p>\n","protected":false},"excerpt":{"rendered":"<p>Ao todo, oito equipamentos da Funarj ser\u00e3o operados com fonte renov\u00e1vel O Governo do Estado<\/p>\n","protected":false},"author":2,"featured_media":97127,"comment_status":"open","ping_status":"open","sticky":false,"template":"","format":"standard","meta":{"footnotes":""},"categories":[17],"tags":[],"class_list":["post-97126","post","type-post","status-publish","format-standard","has-post-thumbnail","hentry","category-outras-noticias"],"_links":{"self":[{"href":"https:\/\/tvc16.com\/portal\/wp-json\/wp\/v2\/posts\/97126","targetHints":{"allow":["GET"]}}],"collection":[{"href":"https:\/\/tvc16.com\/portal\/wp-json\/wp\/v2\/posts"}],"about":[{"href":"https:\/\/tvc16.com\/portal\/wp-json\/wp\/v2\/types\/post"}],"author":[{"embeddable":true,"href":"https:\/\/tvc16.com\/portal\/wp-json\/wp\/v2\/users\/2"}],"replies":[{"embeddable":true,"href":"https:\/\/tvc16.com\/portal\/wp-json\/wp\/v2\/comments?post=97126"}],"version-history":[{"count":1,"href":"https:\/\/tvc16.com\/portal\/wp-json\/wp\/v2\/posts\/97126\/revisions"}],"predecessor-version":[{"id":97128,"href":"https:\/\/tvc16.com\/portal\/wp-json\/wp\/v2\/posts\/97126\/revisions\/97128"}],"wp:featuredmedia":[{"embeddable":true,"href":"https:\/\/tvc16.com\/portal\/wp-json\/wp\/v2\/media\/97127"}],"wp:attachment":[{"href":"https:\/\/tvc16.com\/portal\/wp-json\/wp\/v2\/media?parent=97126"}],"wp:term":[{"taxonomy":"category","embeddable":true,"href":"https:\/\/tvc16.com\/portal\/wp-json\/wp\/v2\/categories?post=97126"},{"taxonomy":"post_tag","embeddable":true,"href":"https:\/\/tvc16.com\/portal\/wp-json\/wp\/v2\/tags?post=97126"}],"curies":[{"name":"wp","href":"https:\/\/api.w.org\/{rel}","templated":true}]}}