{"id":97141,"date":"2025-01-11T14:00:00","date_gmt":"2025-01-11T17:00:00","guid":{"rendered":"https:\/\/tvc16.com\/portal\/?p=97141"},"modified":"2025-01-10T18:16:59","modified_gmt":"2025-01-10T21:16:59","slug":"mais-de-335-toneladas-de-residuos-recoolhidos-pelo-servico-de-coleta-seletiva-durante-a-primeira-semana-de-janeiro","status":"publish","type":"post","link":"https:\/\/tvc16.com\/portal\/2025\/01\/11\/mais-de-335-toneladas-de-residuos-recoolhidos-pelo-servico-de-coleta-seletiva-durante-a-primeira-semana-de-janeiro\/","title":{"rendered":"Mais de 33,5 toneladas de res\u00edduos recoolhidos pelo servi\u00e7o de coleta seletiva durante a primeira semana de janeiro"},"content":{"rendered":"\n<p>Entre os dias 2 e 8 de janeiro, Petr\u00f3polis recolheu mais de 33,5 toneladas de res\u00edduos por meio da coleta seletiva realizada pela Companhia de Desenvolvimento de Petr\u00f3polis (Comdep). Os n\u00fameros s\u00e3o um reflexo n\u00e3o s\u00f3 do ac\u00famulo de lixo gerado pelas festas de fim de ano, como tamb\u00e9m dos impactos da crise sanit\u00e1ria que ainda est\u00e1 sendo enfrentada pela Prefeitura. A falta de servi\u00e7os essenciais, como a coleta de lixo, gerou uma situa\u00e7\u00e3o de caos e preocupa\u00e7\u00e3o com a sa\u00fade p\u00fablica.<\/p>\n\n\n\n<p>Apesar da crise, a popula\u00e7\u00e3o das \u00e1reas atendidas pela coleta seletiva se manteve comprometida com a separa\u00e7\u00e3o dos res\u00edduos. Mesmo sem o servi\u00e7o regular, os moradores seguiram separando corretamente o lixo recicl\u00e1vel e fazendo o armazenando dentro de seus port\u00f5es, com o objetivo de evitar o ac\u00famulo nas ca\u00e7ambas e minimizar o impacto da falta de coleta.<\/p>\n\n\n\n<p>\u201cA colabora\u00e7\u00e3o da popula\u00e7\u00e3o foi essencial para que, mesmo em meio a essa crise, consegu\u00edssemos evitar uma situa\u00e7\u00e3o ainda mais cr\u00edtica. As pessoas seguiram separando os materiais recicl\u00e1veis e tomaram o cuidado de mant\u00ea-los dentro de casa, esperando a normaliza\u00e7\u00e3o do servi\u00e7o. Essa responsabilidade coletiva foi um grande aliado da Comdep nesse momento dif\u00edcil\u201d, afirmou o prefeito Hingo Hammes.<\/p>\n\n\n\n<p>A presidente da Comdep, Fernanda Ferreira, ressalta que embora a crise sanit\u00e1ria persista, a companhia continua seus esfor\u00e7os para regularizar e manter a coleta seletiva funcionando. \u201c\u00c9 um trabalho cont\u00ednuo de conscientiza\u00e7\u00e3o da popula\u00e7\u00e3o sobre a import\u00e2ncia da separa\u00e7\u00e3o adequada do lixo. O sucesso da primeira semana de janeiro mostra que, mesmo em tempos dif\u00edceis, \u00e9 poss\u00edvel fazer a diferen\u00e7a por meio da uni\u00e3o entre poder p\u00fablico e cidad\u00e3os\u201d<\/p>\n\n\n\n<p>O cronograma de coleta seletiva da cidade segue um plano definido, com dias espec\u00edficos para cada bairro. Confira os dias e os bairros atendidos:<\/p>\n\n\n\n<p>\u2022 Segunda-feira: Bingen, Vila Militar, Centen\u00e1rio, Capela, Centro Hist\u00f3rico e coletas eventuais.<br>\u2022 Ter\u00e7a-feira: Mosela, Batillard, Pedras Brancas, Moinho Preto, Quissam\u00e3, Itamarati, Centro Hist\u00f3rico e coletas eventuais.<br>\u2022 Quarta-feira: Valpara\u00edso, rua Coronel Veiga, Correias, Nogueira, Cidade Nova (Carangola), Samambaia, Centro Hist\u00f3rico e coletas eventuais.<br>\u2022 Quinta-feira: Morin, Araras, Itaipava, Brejal (Posse), Laginha, Madame Machado, Rua Roberto Silveira, Centro Hist\u00f3rico e coletas eventuais.<br>\u2022 Sexta-feira: Alto da Serra, Morro da Oficina, Rua Teresa, Vila Felipe, Ch\u00e1cara Flora, Centro Hist\u00f3rico e coletas eventuais.<br>\u2022 S\u00e1bado: Duarte da Silveira, Quarteir\u00e3o Ingelheim, Castrioto, Retiro, Vale dos Esquilos, Ch\u00e1cara das Rosas e Centro Hist\u00f3rico.<\/p>\n","protected":false},"excerpt":{"rendered":"<p>Entre os dias 2 e 8 de janeiro, Petr\u00f3polis recolheu mais de 33,5 toneladas de<\/p>\n","protected":false},"author":2,"featured_media":97142,"comment_status":"open","ping_status":"open","sticky":false,"template":"","format":"standard","meta":{"footnotes":""},"categories":[12],"tags":[],"class_list":["post-97141","post","type-post","status-publish","format-standard","has-post-thumbnail","hentry","category-cidade"],"_links":{"self":[{"href":"https:\/\/tvc16.com\/portal\/wp-json\/wp\/v2\/posts\/97141","targetHints":{"allow":["GET"]}}],"collection":[{"href":"https:\/\/tvc16.com\/portal\/wp-json\/wp\/v2\/posts"}],"about":[{"href":"https:\/\/tvc16.com\/portal\/wp-json\/wp\/v2\/types\/post"}],"author":[{"embeddable":true,"href":"https:\/\/tvc16.com\/portal\/wp-json\/wp\/v2\/users\/2"}],"replies":[{"embeddable":true,"href":"https:\/\/tvc16.com\/portal\/wp-json\/wp\/v2\/comments?post=97141"}],"version-history":[{"count":1,"href":"https:\/\/tvc16.com\/portal\/wp-json\/wp\/v2\/posts\/97141\/revisions"}],"predecessor-version":[{"id":97143,"href":"https:\/\/tvc16.com\/portal\/wp-json\/wp\/v2\/posts\/97141\/revisions\/97143"}],"wp:featuredmedia":[{"embeddable":true,"href":"https:\/\/tvc16.com\/portal\/wp-json\/wp\/v2\/media\/97142"}],"wp:attachment":[{"href":"https:\/\/tvc16.com\/portal\/wp-json\/wp\/v2\/media?parent=97141"}],"wp:term":[{"taxonomy":"category","embeddable":true,"href":"https:\/\/tvc16.com\/portal\/wp-json\/wp\/v2\/categories?post=97141"},{"taxonomy":"post_tag","embeddable":true,"href":"https:\/\/tvc16.com\/portal\/wp-json\/wp\/v2\/tags?post=97141"}],"curies":[{"name":"wp","href":"https:\/\/api.w.org\/{rel}","templated":true}]}}