{"id":9715,"date":"2021-01-18T13:04:17","date_gmt":"2021-01-18T16:04:17","guid":{"rendered":"https:\/\/tvc16.com\/portal\/?p=9715"},"modified":"2021-01-18T13:04:20","modified_gmt":"2021-01-18T16:04:20","slug":"vacinacao-contra-covid-19-comeca-ainda-hoje-nos-estados-diz-pazuello","status":"publish","type":"post","link":"https:\/\/tvc16.com\/portal\/2021\/01\/18\/vacinacao-contra-covid-19-comeca-ainda-hoje-nos-estados-diz-pazuello\/","title":{"rendered":"Vacina\u00e7\u00e3o contra covid-19 come\u00e7a ainda hoje nos estados, diz Pazuello"},"content":{"rendered":"\n<h3 class=\"wp-block-heading\">Primeiras aplica\u00e7\u00f5es devem ser feitas at\u00e9 as 17 horas<\/h3>\n\n\n\n<h4 class=\"wp-block-heading\"><\/h4>\n\n\n\n<p>O ministro da Sa\u00fade, Eduardo Pazuello, afirmou hoje (18) que a vacina\u00e7\u00e3o contra o novo coronav\u00edrus come\u00e7ar\u00e1 nos estados ainda nesta segunda-feira. Ele disse que a previs\u00e3o \u00e9 que a distribui\u00e7\u00e3o das doses da vacina com uso de aeronaves da For\u00e7a A\u00e9rea Brasileira (FAB) ocorra at\u00e9 as 14h&nbsp;de hoje, e que as primeiras aplica\u00e7\u00f5es sejam feitas at\u00e9 as 17h.<img decoding=\"async\" src=\"https:\/\/agenciabrasil.ebc.com.br\/ebc.png?id=1398950&amp;o=node\"><img decoding=\"async\" src=\"https:\/\/agenciabrasil.ebc.com.br\/ebc.gif?id=1398950&amp;o=node\"><\/p>\n\n\n\n<p>Ao lado de governadores, Pazuello participou, nesta manh\u00e3, do ato simb\u00f3lico de entrega de 4,6 milh\u00f5es de doses da CoronaVac no Centro de Log\u00edstica do Aeroporto de Guarulhos, em S\u00e3o Paulo. As vacinas ser\u00e3o transportadas por via a\u00e9rea para o Distrito Federal e as capitais de dez estados: Acre, Amap\u00e1, Amazonas, Cear\u00e1, Goi\u00e1s, Mato Grosso do Sul, Piau\u00ed, Rond\u00f4nia, Roraima e Santa Catarina. Tamb\u00e9m h\u00e1 previs\u00e3o de distribui\u00e7\u00e3o de vacinas por via terrestre.&nbsp;<\/p>\n\n\n\n<figure class=\"wp-block-image\"><img decoding=\"async\" src=\"https:\/\/imagens.ebc.com.br\/Xy26QFl4J7Nrd42Y2FeTjDDTGYc=\/754x0\/smart\/https:\/\/agenciabrasil.ebc.com.br\/sites\/default\/files\/thumbnails\/image\/_eduardo_pazuello_vacina1801213683.jpg?itok=dMzPZSdT\" alt=\"O ministro da Sa\u00fade, Eduardo Pazuello, inicia a distribui\u00e7\u00e3o da vacina contra Covid -19 para todo o Brasil em  Guarulhos\" title=\"Minist\u00e9rio da Sa\u00fade\"\/><\/figure>\n\n\n\n<p>O ministro da Sa\u00fade, Eduardo Pazuello, inicia a distribui\u00e7\u00e3o da vacina contra Covid -19 para todo o Brasil em Guarulhos &#8211;&nbsp;<strong>Minist\u00e9rio da Sa\u00fade<\/strong><\/p>\n\n\n\n<p>Segundo o ministro, o Instituto Butantan receber\u00e1 um of\u00edcio pedindo celeridade no envio do pedido de&nbsp;autoriza\u00e7\u00e3o \u00e0 Ag\u00eancia Nacional de Vigil\u00e2ncia Sanit\u00e1ria (Anvisa) para a produ\u00e7\u00e3o de mais 2&nbsp;milh\u00f5es de doses da CoronaVac. A documenta\u00e7\u00e3o deve ser analisada at\u00e9 31 de mar\u00e7o.<\/p>\n\n\n\n<p>Ele refor\u00e7ou que os primeiros a receber as doses da vacina ser\u00e3o\u00a0 integrantes do grupo priorit\u00e1rio: profissionais da sa\u00fade, idosos e ind\u00edgenas. Pazuello destacou, ainda, que os cuidados com uso de m\u00e1scara e \u00e1lcool em gel n\u00e3o podem ser deixados de lado. \u201cA vacina n\u00e3o determina o fim das medidas protetivas\u201d, disse.<\/p>\n\n\n\n<p>Por Fernanda Cruz &#8211; Rep\u00f3rter da Ag\u00eancia Brasil &#8211; S\u00e3o Paulo<\/p>\n\n\n\n<p>Edi\u00e7\u00e3o: Kleber Sampaio<\/p>\n","protected":false},"excerpt":{"rendered":"<p>Primeiras aplica\u00e7\u00f5es devem ser feitas at\u00e9 as 17 horas O ministro da Sa\u00fade, Eduardo Pazuello,<\/p>\n","protected":false},"author":2,"featured_media":9716,"comment_status":"open","ping_status":"open","sticky":false,"template":"","format":"standard","meta":{"footnotes":""},"categories":[17],"tags":[],"class_list":["post-9715","post","type-post","status-publish","format-standard","has-post-thumbnail","hentry","category-outras-noticias"],"_links":{"self":[{"href":"https:\/\/tvc16.com\/portal\/wp-json\/wp\/v2\/posts\/9715","targetHints":{"allow":["GET"]}}],"collection":[{"href":"https:\/\/tvc16.com\/portal\/wp-json\/wp\/v2\/posts"}],"about":[{"href":"https:\/\/tvc16.com\/portal\/wp-json\/wp\/v2\/types\/post"}],"author":[{"embeddable":true,"href":"https:\/\/tvc16.com\/portal\/wp-json\/wp\/v2\/users\/2"}],"replies":[{"embeddable":true,"href":"https:\/\/tvc16.com\/portal\/wp-json\/wp\/v2\/comments?post=9715"}],"version-history":[{"count":1,"href":"https:\/\/tvc16.com\/portal\/wp-json\/wp\/v2\/posts\/9715\/revisions"}],"predecessor-version":[{"id":9717,"href":"https:\/\/tvc16.com\/portal\/wp-json\/wp\/v2\/posts\/9715\/revisions\/9717"}],"wp:featuredmedia":[{"embeddable":true,"href":"https:\/\/tvc16.com\/portal\/wp-json\/wp\/v2\/media\/9716"}],"wp:attachment":[{"href":"https:\/\/tvc16.com\/portal\/wp-json\/wp\/v2\/media?parent=9715"}],"wp:term":[{"taxonomy":"category","embeddable":true,"href":"https:\/\/tvc16.com\/portal\/wp-json\/wp\/v2\/categories?post=9715"},{"taxonomy":"post_tag","embeddable":true,"href":"https:\/\/tvc16.com\/portal\/wp-json\/wp\/v2\/tags?post=9715"}],"curies":[{"name":"wp","href":"https:\/\/api.w.org\/{rel}","templated":true}]}}