{"id":97158,"date":"2025-01-12T08:00:00","date_gmt":"2025-01-12T11:00:00","guid":{"rendered":"https:\/\/tvc16.com\/portal\/?p=97158"},"modified":"2025-01-12T00:59:40","modified_gmt":"2025-01-12T03:59:40","slug":"saude-monitora-provavel-aumento-de-casos-de-dengue-no-rio-de-janeiro-em-2025","status":"publish","type":"post","link":"https:\/\/tvc16.com\/portal\/2025\/01\/12\/saude-monitora-provavel-aumento-de-casos-de-dengue-no-rio-de-janeiro-em-2025\/","title":{"rendered":"Sa\u00fade monitora prov\u00e1vel aumento de casos de dengue no Rio de Janeiro em 2025"},"content":{"rendered":"\n<p>Pasta instalou Centro de Opera\u00e7\u00f5es Emergenciais e implementou um novo plano de conting\u00eancia para refor\u00e7ar a rede assistencial e conter o avan\u00e7o da doen\u00e7a em todo o pa\u00eds<\/p>\n\n\n\n<p>O Rio de Janeiro est\u00e1 entre os seis estados com risco de aumento na incid\u00eancia de casos de dengue em 2025, conforme apontam modelagens feitas pelo InfoDengue. Al\u00e9m do estado fluminense, Esp\u00edrito Santo, Mato Grosso do Sul, Paran\u00e1, S\u00e3o Paulo e Tocantins tamb\u00e9m ser\u00e3o monitorados de perto devido a sinais de crescimento nas infec\u00e7\u00f5es. No entanto, todas as unidades federativas receber\u00e3o apoio do Minist\u00e9rio da Sa\u00fade para o controle da doen\u00e7a.\u00a0<\/p>\n\n\n\n<p>At\u00e9 o momento, o Rio de Janeiro registrou 166 casos prov\u00e1veis de dengue. Na primeira semana epidemiol\u00f3gica de 2024, foram registrados 4.237 casos. O principal fator que justifica o aumento previsto \u00e9 a continuidade do fen\u00f4meno&nbsp;<em>El Ni\u00f1o<\/em>, que pode intensificar condi\u00e7\u00f5es clim\u00e1ticas favor\u00e1veis \u00e0 prolifera\u00e7\u00e3o do mosquito&nbsp;<em>Aedes aegypti<\/em>, transmissor da doen\u00e7a.<\/p>\n\n\n\n<p class=\" \">Nesta quinta-feira (9), o Minist\u00e9rio da Sa\u00fade instalou o\u00a0Centro de Opera\u00e7\u00f5es de Emerg\u00eancia em Sa\u00fade (COE) para Dengue e outras Arboviroses. O COE ser\u00e1 respons\u00e1vel pelo planejamento de a\u00e7\u00f5es para antecipar o per\u00edodo sazonal da dengue, adequar as redes de sa\u00fade, prevenir casos e mortes e refor\u00e7ar as medidas preventivas. Al\u00e9m disso, o centro vai coordenar as respostas a situa\u00e7\u00f5es cr\u00edticas em constante di\u00e1logo com estados, munic\u00edpios, pesquisadores, institui\u00e7\u00f5es cient\u00edficas e outros minist\u00e9rios.\u00a0<\/p>\n\n\n\n<p class=\" \">Como parte das medidas de controle, tamb\u00e9m foi lan\u00e7ado o\u00a0Plano de Conting\u00eancia Nacional para Dengue, Chikungunya e Zika. O objetivo \u00e9 garantir uma prepara\u00e7\u00e3o adequada para conter o avan\u00e7o das doen\u00e7as. O documento traz orienta\u00e7\u00f5es para a elabora\u00e7\u00e3o de planos regionais, estaduais e municipais, levando em conta as especificidades do contexto epidemiol\u00f3gico e dos arranjos socioambientais, al\u00e9m de incorporar experi\u00eancias e iniciativas locais e regionais.\u00a0<\/p>\n\n\n\n<p class=\" \">A pasta tamb\u00e9m tem coordenado diversas a\u00e7\u00f5es em todo o territ\u00f3rio nacional para o controle das arboviroses. Entre as principais iniciativas est\u00e3o:&nbsp;<\/p>\n\n\n\n<ul class=\"wp-block-list\">\n<li>\u2022 A amplia\u00e7\u00e3o do uso de tecnologias de controle do vetor, destacando-se:<\/li>\n\n\n\n<li>\u2022 Expans\u00e3o do\u00a0m\u00e9todo Wolbachia, de 3 para 40 cidades at\u00e9 2025;<\/li>\n\n\n\n<li>\u2022 Implanta\u00e7\u00e3o de insetos est\u00e9reis em aldeias ind\u00edgenas;<\/li>\n\n\n\n<li>\u2022 Borrifa\u00e7\u00e3o residual intradomiciliar (BRI-Aedes) em \u00e1reas de grande circula\u00e7\u00e3o, como creches, escolas e asilos;<\/li>\n\n\n\n<li>\u2022 Instala\u00e7\u00e3o de 150 mil Esta\u00e7\u00f5es Disseminadoras de Larvicidas (EDLs) na primeira fase do projeto;<\/li>\n\n\n\n<li>\u2022 Uso de Bacillus Thuringiensis Israelensis (BTI) para monitoramento e controle da dissemina\u00e7\u00e3o do mosquito;<\/li>\n\n\n\n<li>\u2022 No Distrito Federal, est\u00e3o sendo instaladas cerca de 3 mil EDLs na regi\u00e3o do Sol Nascente, com expans\u00e3o prevista para outras \u00e1reas perif\u00e9ricas.\u00a0<\/li>\n<\/ul>\n\n\n\n<p class=\" \">Al\u00e9m disso,\u00a0o Minist\u00e9rio da Sa\u00fade destinou R$ 1,5 bilh\u00e3o\u00a0para a implementa\u00e7\u00e3o dessas tecnologias e a intensifica\u00e7\u00e3o das campanhas educativas.\u00a0<\/p>\n\n\n\n<p class=\" \"><strong>Cen\u00e1rio epidemiol\u00f3gico nacional<\/strong><\/p>\n\n\n\n<p class=\" \">De acordo com os dados\u00a0Painel de Monitoramento de Arboviroses, em 2024, o Brasil registrou 6,6 milh\u00f5es de casos prov\u00e1veis de dengue e 6 mil \u00f3bitos. At\u00e9 a quinta-feira (9), foram notificados 16,3 mil casos prov\u00e1veis e 16 \u00f3bitos est\u00e3o em investiga\u00e7\u00e3o em 2025. Do total de casos 75,4% est\u00e3o concentrados na regi\u00e3o Sudeste.<\/p>\n\n\n\n<p>Por <em>Minist\u00e9rio da Sa\u00fade<\/em><\/p>\n","protected":false},"excerpt":{"rendered":"<p>Pasta instalou Centro de Opera\u00e7\u00f5es Emergenciais e implementou um novo plano de conting\u00eancia para refor\u00e7ar<\/p>\n","protected":false},"author":2,"featured_media":81701,"comment_status":"open","ping_status":"open","sticky":false,"template":"","format":"standard","meta":{"footnotes":""},"categories":[17],"tags":[],"class_list":["post-97158","post","type-post","status-publish","format-standard","has-post-thumbnail","hentry","category-outras-noticias"],"_links":{"self":[{"href":"https:\/\/tvc16.com\/portal\/wp-json\/wp\/v2\/posts\/97158","targetHints":{"allow":["GET"]}}],"collection":[{"href":"https:\/\/tvc16.com\/portal\/wp-json\/wp\/v2\/posts"}],"about":[{"href":"https:\/\/tvc16.com\/portal\/wp-json\/wp\/v2\/types\/post"}],"author":[{"embeddable":true,"href":"https:\/\/tvc16.com\/portal\/wp-json\/wp\/v2\/users\/2"}],"replies":[{"embeddable":true,"href":"https:\/\/tvc16.com\/portal\/wp-json\/wp\/v2\/comments?post=97158"}],"version-history":[{"count":1,"href":"https:\/\/tvc16.com\/portal\/wp-json\/wp\/v2\/posts\/97158\/revisions"}],"predecessor-version":[{"id":97159,"href":"https:\/\/tvc16.com\/portal\/wp-json\/wp\/v2\/posts\/97158\/revisions\/97159"}],"wp:featuredmedia":[{"embeddable":true,"href":"https:\/\/tvc16.com\/portal\/wp-json\/wp\/v2\/media\/81701"}],"wp:attachment":[{"href":"https:\/\/tvc16.com\/portal\/wp-json\/wp\/v2\/media?parent=97158"}],"wp:term":[{"taxonomy":"category","embeddable":true,"href":"https:\/\/tvc16.com\/portal\/wp-json\/wp\/v2\/categories?post=97158"},{"taxonomy":"post_tag","embeddable":true,"href":"https:\/\/tvc16.com\/portal\/wp-json\/wp\/v2\/tags?post=97158"}],"curies":[{"name":"wp","href":"https:\/\/api.w.org\/{rel}","templated":true}]}}