{"id":97160,"date":"2025-01-12T11:00:00","date_gmt":"2025-01-12T14:00:00","guid":{"rendered":"https:\/\/tvc16.com\/portal\/?p=97160"},"modified":"2025-01-12T01:11:32","modified_gmt":"2025-01-12T04:11:32","slug":"balcao-de-empregos-turp-transporte-recebe-curriculos-no-terminal-centro","status":"publish","type":"post","link":"https:\/\/tvc16.com\/portal\/2025\/01\/12\/balcao-de-empregos-turp-transporte-recebe-curriculos-no-terminal-centro\/","title":{"rendered":"Balc\u00e3o de empregos: Turp Transporte recebe curr\u00edculos no Terminal Centro"},"content":{"rendered":"\n<p>A\u00e7\u00e3o promovida pela equipe de RH acontece na segunda (13) e ter\u00e7a-feira (14)<\/p>\n\n\n\n<p>A empresa de \u00f4nibus Turp Transporte promove mais uma edi\u00e7\u00e3o do balc\u00e3o de empregos, na sala anexa ao Terminal Centro, pr\u00f3ximo ao frald\u00e1rio. Nesta segunda-feira (13), a equipe de Recursos Humanos receber\u00e1 os curr\u00edculos, esclarecendo eventuais d\u00favidas dos candidatos. O atendimento presencial se estende at\u00e9 ter\u00e7a-feira (14), pela manh\u00e3, das 9h \u00e0s 12h, e tamb\u00e9m \u00e0 tarde, das 13h \u00e0s 17h. Todas as vagas de emprego s\u00e3o para contrata\u00e7\u00e3o imediata.<\/p>\n\n\n\n<p>Entre as vagas dispon\u00edveis, est\u00e3o a de motorista, eletricista e mec\u00e2nico. Os principais requisitos s\u00e3o: escolaridade a partir do 5\u00ba ano, disponibilidade de hor\u00e1rio e residir em Petr\u00f3polis. \u201cO balc\u00e3o de empregos agiliza o processo do recrutamento. Logo no primeiro momento, estreitamos a rela\u00e7\u00e3o da empresa com os candidatos\u201d, disse o diretor Jean Moraes.<\/p>\n\n\n\n<p>Refor\u00e7ando o compromisso com a inclus\u00e3o, a Turp Transporte ainda disponibiliza vagas para Pessoas com Defici\u00eancia (PCDs). Todo o processo de inscri\u00e7\u00e3o acontecer\u00e1 no Terminal Centro, diretamente com os profissionais de RH da operadora. Quem passar pelo local ser\u00e1 instru\u00eddo adequadamente e concorrer\u00e1 \u00e0s vagas. Interessados tamb\u00e9m podem enviar curr\u00edculo para o e-mail vagas@turp.com.br.<\/p>\n","protected":false},"excerpt":{"rendered":"<p>A\u00e7\u00e3o promovida pela equipe de RH acontece na segunda (13) e ter\u00e7a-feira (14) A empresa<\/p>\n","protected":false},"author":2,"featured_media":97161,"comment_status":"open","ping_status":"open","sticky":false,"template":"","format":"standard","meta":{"footnotes":""},"categories":[12],"tags":[],"class_list":["post-97160","post","type-post","status-publish","format-standard","has-post-thumbnail","hentry","category-cidade"],"_links":{"self":[{"href":"https:\/\/tvc16.com\/portal\/wp-json\/wp\/v2\/posts\/97160","targetHints":{"allow":["GET"]}}],"collection":[{"href":"https:\/\/tvc16.com\/portal\/wp-json\/wp\/v2\/posts"}],"about":[{"href":"https:\/\/tvc16.com\/portal\/wp-json\/wp\/v2\/types\/post"}],"author":[{"embeddable":true,"href":"https:\/\/tvc16.com\/portal\/wp-json\/wp\/v2\/users\/2"}],"replies":[{"embeddable":true,"href":"https:\/\/tvc16.com\/portal\/wp-json\/wp\/v2\/comments?post=97160"}],"version-history":[{"count":1,"href":"https:\/\/tvc16.com\/portal\/wp-json\/wp\/v2\/posts\/97160\/revisions"}],"predecessor-version":[{"id":97162,"href":"https:\/\/tvc16.com\/portal\/wp-json\/wp\/v2\/posts\/97160\/revisions\/97162"}],"wp:featuredmedia":[{"embeddable":true,"href":"https:\/\/tvc16.com\/portal\/wp-json\/wp\/v2\/media\/97161"}],"wp:attachment":[{"href":"https:\/\/tvc16.com\/portal\/wp-json\/wp\/v2\/media?parent=97160"}],"wp:term":[{"taxonomy":"category","embeddable":true,"href":"https:\/\/tvc16.com\/portal\/wp-json\/wp\/v2\/categories?post=97160"},{"taxonomy":"post_tag","embeddable":true,"href":"https:\/\/tvc16.com\/portal\/wp-json\/wp\/v2\/tags?post=97160"}],"curies":[{"name":"wp","href":"https:\/\/api.w.org\/{rel}","templated":true}]}}