{"id":97163,"date":"2025-01-12T12:00:00","date_gmt":"2025-01-12T15:00:00","guid":{"rendered":"https:\/\/tvc16.com\/portal\/?p=97163"},"modified":"2025-01-12T01:17:12","modified_gmt":"2025-01-12T04:17:12","slug":"vereadora-professora-livia-miranda-pcdob-protocola-seu-primeiro-projeto-de-lei-que-institui-o-fundo-municipal-de-tarifa-zero-funtaz","status":"publish","type":"post","link":"https:\/\/tvc16.com\/portal\/2025\/01\/12\/vereadora-professora-livia-miranda-pcdob-protocola-seu-primeiro-projeto-de-lei-que-institui-o-fundo-municipal-de-tarifa-zero-funtaz\/","title":{"rendered":"Vereadora Professora L\u00edvia Miranda (PCdoB) protocola seu primeiro Projeto de Lei que institui o Fundo Municipal de Tarifa Zero (FUNTAZ)"},"content":{"rendered":"\n<p>Entrou em tramita\u00e7\u00e3o na C\u00e2mara Municipal de Petr\u00f3polis projeto de lei de autoria da Vereadora Professora L\u00edvia Miranda que institui o Fundo Municipal de Tarifa Zero (FUNTAZ), que tem como objetivo implementar a Tarifa Zero no transporte p\u00fablico coletivo da cidade. O texto tamb\u00e9m indica as fontes que podem subsidiar o fundo e cria regras de gest\u00e3o e fiscaliza\u00e7\u00e3o do mesmo. <\/p>\n\n\n\n<p>A proposta do FUNTAZ \u00e9 garantir a democratiza\u00e7\u00e3o do transporte p\u00fablico em Petr\u00f3polis, assegurando a popula\u00e7\u00e3o petropolitana o acesso a todos os espa\u00e7os da cidade, o que hoje definitivamente n\u00e3o ocorre, pois os valores cobrados na passagem dos \u00f4nibus, reajustado anualmente sem justificativas, inviabiliza o acesso da popula\u00e7\u00e3o mais vulner\u00e1vel aos espa\u00e7os de lazer, sa\u00fade, educa\u00e7\u00e3o e na busca de emprego.<br><\/p>\n\n\n\n<p>Como uma das propostas de campanha da vereadora, esse foi o primeiro projeto protocolado pela Professora L\u00edvia, j\u00e1 no in\u00edcio da sua legislatura, mostrando que sua mandata ser\u00e1 comprometida com as demandas da popula\u00e7\u00e3o de Petr\u00f3polis.<\/p>\n\n\n\n<p><br>\u201cUm transporte p\u00fablico fortalecido, de qualidade e acess\u00edvel \u00e0 popula\u00e7\u00e3o tem reflexos importantes na na melhoria da qualidade e das condi\u00e7\u00f5es de vida nas \u00e1reas urbanas, na prote\u00e7\u00e3o do meio ambiente com a diminui\u00e7\u00e3o dos ve\u00edculos particulares e no fortalecimento do com\u00e9rcio local, uma vez que amplia a circula\u00e7\u00e3o de pessoas, gerando fluxo e vitalidade nas regi\u00f5es. H\u00e1 tamb\u00e9m benef\u00edcios \u00e0 economia familiar e ao acesso \u00e0 educa\u00e7\u00e3o, emprego e cultura\u201d, defende a vereadora na exposi\u00e7\u00e3o de motivos do projeto.<\/p>\n","protected":false},"excerpt":{"rendered":"<p>Entrou em tramita\u00e7\u00e3o na C\u00e2mara Municipal de Petr\u00f3polis projeto de lei de autoria da Vereadora<\/p>\n","protected":false},"author":2,"featured_media":97164,"comment_status":"open","ping_status":"open","sticky":false,"template":"","format":"standard","meta":{"footnotes":""},"categories":[12],"tags":[],"class_list":["post-97163","post","type-post","status-publish","format-standard","has-post-thumbnail","hentry","category-cidade"],"_links":{"self":[{"href":"https:\/\/tvc16.com\/portal\/wp-json\/wp\/v2\/posts\/97163","targetHints":{"allow":["GET"]}}],"collection":[{"href":"https:\/\/tvc16.com\/portal\/wp-json\/wp\/v2\/posts"}],"about":[{"href":"https:\/\/tvc16.com\/portal\/wp-json\/wp\/v2\/types\/post"}],"author":[{"embeddable":true,"href":"https:\/\/tvc16.com\/portal\/wp-json\/wp\/v2\/users\/2"}],"replies":[{"embeddable":true,"href":"https:\/\/tvc16.com\/portal\/wp-json\/wp\/v2\/comments?post=97163"}],"version-history":[{"count":1,"href":"https:\/\/tvc16.com\/portal\/wp-json\/wp\/v2\/posts\/97163\/revisions"}],"predecessor-version":[{"id":97165,"href":"https:\/\/tvc16.com\/portal\/wp-json\/wp\/v2\/posts\/97163\/revisions\/97165"}],"wp:featuredmedia":[{"embeddable":true,"href":"https:\/\/tvc16.com\/portal\/wp-json\/wp\/v2\/media\/97164"}],"wp:attachment":[{"href":"https:\/\/tvc16.com\/portal\/wp-json\/wp\/v2\/media?parent=97163"}],"wp:term":[{"taxonomy":"category","embeddable":true,"href":"https:\/\/tvc16.com\/portal\/wp-json\/wp\/v2\/categories?post=97163"},{"taxonomy":"post_tag","embeddable":true,"href":"https:\/\/tvc16.com\/portal\/wp-json\/wp\/v2\/tags?post=97163"}],"curies":[{"name":"wp","href":"https:\/\/api.w.org\/{rel}","templated":true}]}}