{"id":97170,"date":"2025-01-12T15:00:00","date_gmt":"2025-01-12T18:00:00","guid":{"rendered":"https:\/\/tvc16.com\/portal\/?p=97170"},"modified":"2025-01-12T01:26:36","modified_gmt":"2025-01-12T04:26:36","slug":"parque-natural-da-ipiranga-passa-a-funcionar-aos-fins-de-semana-das-7h30-as-17h","status":"publish","type":"post","link":"https:\/\/tvc16.com\/portal\/2025\/01\/12\/parque-natural-da-ipiranga-passa-a-funcionar-aos-fins-de-semana-das-7h30-as-17h\/","title":{"rendered":"Parque Natural da Ipiranga passa a funcionar aos fins de semana das 7h30 \u00e0s 17h"},"content":{"rendered":"\n<p>O Parque Natural Padre Quinha, na Avenida Ipiranga, passa a abrir \u00e0s 7h30 a partir deste s\u00e1bado (11). A abertura do espa\u00e7o mais cedo tem como objetivo proporcionar novas experi\u00eancias aos visitantes que praticam caminhada e corrida, al\u00e9m de agregar o parque ao Circuito de Esportes e Lazer, que funciona na Bar\u00e3o do Rio Branco, Rua 13 de Maio e Ipiranga, que acontece aos domingos.<\/p>\n\n\n\n<p>\u201c\u00c9 importante integrar o parque ao circuito, fazendo com que os atletas aproveitem as belezas do parque em um hor\u00e1rio mais cedo\u201d, disse o prefeito Hingo Hammes.<\/p>\n\n\n\n<p>Com a mudan\u00e7a, o Parque Natural Padre Quinha, na Avenida Ipiranga, funciona aos s\u00e1bados e domingos, das 7h30 \u00e0s 17h. O parque tem entrada gratuita e conta com trilhas e um espa\u00e7o com mesas e bancos dispon\u00edveis para refei\u00e7\u00f5es e outras atividades.<\/p>\n\n\n\n<p>\u201cVoltamos com o Circuito de Esportes e Lazer completo, funcionando na Bar\u00e3o do Rio Branco, Rua 13 de Maio e Ipiranga, por isso \u00e9 importante essa integra\u00e7\u00e3o com o parque, oferecendo aos atletas um espa\u00e7o a mais para atividade f\u00edsica\u201d, comentou o secret\u00e1rio de Esportes, Leandro Kronemberger.<\/p>\n\n\n\n<p>Al\u00e9m da abertura mais cedo aos praticantes de atividades f\u00edsicas, o local \u00e9 muito procurado por visitantes e fam\u00edlias com crian\u00e7as.<\/p>\n\n\n\n<p>Servi\u00e7o<br>Parque Natural Padre Quinha<br>Avenida Ipiranga, Centro Hist\u00f3rico<br>S\u00e1bados e domingos: 7h30 \u00e0s 17h<\/p>\n","protected":false},"excerpt":{"rendered":"<p>O Parque Natural Padre Quinha, na Avenida Ipiranga, passa a abrir \u00e0s 7h30 a partir<\/p>\n","protected":false},"author":2,"featured_media":97171,"comment_status":"open","ping_status":"open","sticky":false,"template":"","format":"standard","meta":{"footnotes":""},"categories":[12],"tags":[],"class_list":["post-97170","post","type-post","status-publish","format-standard","has-post-thumbnail","hentry","category-cidade"],"_links":{"self":[{"href":"https:\/\/tvc16.com\/portal\/wp-json\/wp\/v2\/posts\/97170","targetHints":{"allow":["GET"]}}],"collection":[{"href":"https:\/\/tvc16.com\/portal\/wp-json\/wp\/v2\/posts"}],"about":[{"href":"https:\/\/tvc16.com\/portal\/wp-json\/wp\/v2\/types\/post"}],"author":[{"embeddable":true,"href":"https:\/\/tvc16.com\/portal\/wp-json\/wp\/v2\/users\/2"}],"replies":[{"embeddable":true,"href":"https:\/\/tvc16.com\/portal\/wp-json\/wp\/v2\/comments?post=97170"}],"version-history":[{"count":1,"href":"https:\/\/tvc16.com\/portal\/wp-json\/wp\/v2\/posts\/97170\/revisions"}],"predecessor-version":[{"id":97172,"href":"https:\/\/tvc16.com\/portal\/wp-json\/wp\/v2\/posts\/97170\/revisions\/97172"}],"wp:featuredmedia":[{"embeddable":true,"href":"https:\/\/tvc16.com\/portal\/wp-json\/wp\/v2\/media\/97171"}],"wp:attachment":[{"href":"https:\/\/tvc16.com\/portal\/wp-json\/wp\/v2\/media?parent=97170"}],"wp:term":[{"taxonomy":"category","embeddable":true,"href":"https:\/\/tvc16.com\/portal\/wp-json\/wp\/v2\/categories?post=97170"},{"taxonomy":"post_tag","embeddable":true,"href":"https:\/\/tvc16.com\/portal\/wp-json\/wp\/v2\/tags?post=97170"}],"curies":[{"name":"wp","href":"https:\/\/api.w.org\/{rel}","templated":true}]}}