{"id":97179,"date":"2025-01-12T10:00:00","date_gmt":"2025-01-12T13:00:00","guid":{"rendered":"https:\/\/tvc16.com\/portal\/?p=97179"},"modified":"2025-01-12T01:38:53","modified_gmt":"2025-01-12T04:38:53","slug":"governo-do-estado-reforca-acoes-de-prevencao-a-dengue-nas-nove-regioes-do-rj","status":"publish","type":"post","link":"https:\/\/tvc16.com\/portal\/2025\/01\/12\/governo-do-estado-reforca-acoes-de-prevencao-a-dengue-nas-nove-regioes-do-rj\/","title":{"rendered":"Governo do Estado refor\u00e7a a\u00e7\u00f5es de preven\u00e7\u00e3o \u00e0 dengue nas nove regi\u00f5es do RJ"},"content":{"rendered":"\n<p><em>Equipes da Vigil\u00e2ncia Epidemiol\u00f3gica percorrem cidades em apoio \u00e0s secretarias municipais nas a\u00e7\u00f5es de preven\u00e7\u00e3o e combate ao mosquito Aedes aegypti<\/em><\/p>\n\n\n\n<p>O Governo do Estado, por meio da Secretaria de Sa\u00fade (SES-RJ), iniciou 2025 com foco no refor\u00e7o das a\u00e7\u00f5es de combate \u00e0 dengue. Equipes de Vigil\u00e2ncia Epidemiol\u00f3gica, Ambiental e de Aten\u00e7\u00e3o Prim\u00e1ria \u00e0 Sa\u00fade atuam em visitas t\u00e9cnicas aos munic\u00edpios para oferecer capacita\u00e7\u00e3o e aux\u00edlio na elabora\u00e7\u00e3o ou revis\u00e3o dos planos municipais de controle das arboviroses.<\/p>\n\n\n\n<p>Na quarta-feira (8), os t\u00e9cnicos promoveram capacita\u00e7\u00f5es em Nova Igua\u00e7u. Na quinta (9), foi a vez de encontrar as equipes de Vigil\u00e2ncia de Niter\u00f3i. Al\u00e9m das palestras para apoiar as cidades na atualiza\u00e7\u00e3o dos planos municipais de conting\u00eancia para o enfrentamento \u00e0s arboviroses, a SES oferece ainda orienta\u00e7\u00f5es sobre como organizar a rede prim\u00e1ria de aten\u00e7\u00e3o \u00e0 sa\u00fade para receber pacientes com sintomas da dengue.<\/p>\n\n\n\n<p>\u2014 No ano passado tivemos a maior epidemia de dengue dos \u00faltimos anos em nosso estado e tamb\u00e9m no pa\u00eds. Por isso \u00e9 importante preparar os munic\u00edpios para o enfrentamento \u00e0 dengue. E isso n\u00e3o se restringe \u00e0s a\u00e7\u00f5es de preven\u00e7\u00e3o, \u00e9 preciso ajudar os gestores a organizarem a rede de assist\u00eancia, para que os profissionais de sa\u00fade ofere\u00e7am diagn\u00f3stico preciso e tratamento \u2014 explica a secret\u00e1ria de Estado de Sa\u00fade, Claudia Mello, lembrando que o Estado lan\u00e7ou em 2024 uma ferramenta digital desenvolvida pelos t\u00e9cnicos da Sa\u00fade RJ, que ajuda na triagem desses pacientes.<\/p>\n\n\n\n<p>Na \u00faltima quinta-feira, a secretaria estadual teve a confirma\u00e7\u00e3o do primeiro caso de dengue tipo 3, notificado pelo munic\u00edpio do Rio, uma mulher de 60 anos. O caso segue em investiga\u00e7\u00e3o. No estado, n\u00e3o h\u00e1 circula\u00e7\u00e3o predominante do tipo 3 desde 2007, o que torna uma parcela grande da popula\u00e7\u00e3o mais suscet\u00edvel \u00e0 doen\u00e7a.<\/p>\n\n\n\n<p>No ano passado, o Estado do Rio de Janeiro contabilizou 302.674 casos prov\u00e1veis, 9.726 interna\u00e7\u00f5es e 232 \u00f3bitos. Somente na cidade do Rio foram registrados 111.114 casos. Na sequ\u00eancia, Volta Redonda, com 22.705 mil registros, e Campos dos Goytacazes, com 19.588 casos.<\/p>\n\n\n\n<p><strong>Treinamento de profissionais e campanha<\/strong><\/p>\n\n\n\n<p>O Governo do Estado, por meio da SES-RJ, vai manter o monitoramento de casos e a campanha \u201cContra a dengue todo dia\u201d, prevista no Plano de Conting\u00eancia, em apoio aos 92 munic\u00edpios, com alertas e orienta\u00e7\u00f5es sobre a doen\u00e7a.<\/p>\n\n\n\n<p>O governo mant\u00e9m ainda o treinamento de profissionais de sa\u00fade, que j\u00e1 v\u00eam recebendo capacita\u00e7\u00e3o desde o ano passado. Al\u00e9m disso, o Estado segue garantindo apoio na instala\u00e7\u00e3o de centros de hidrata\u00e7\u00e3o conforme os n\u00edveis de alerta da doen\u00e7a.<\/p>\n","protected":false},"excerpt":{"rendered":"<p>Equipes da Vigil\u00e2ncia Epidemiol\u00f3gica percorrem cidades em apoio \u00e0s secretarias municipais nas a\u00e7\u00f5es de preven\u00e7\u00e3o<\/p>\n","protected":false},"author":2,"featured_media":97180,"comment_status":"open","ping_status":"open","sticky":false,"template":"","format":"standard","meta":{"footnotes":""},"categories":[17],"tags":[],"class_list":["post-97179","post","type-post","status-publish","format-standard","has-post-thumbnail","hentry","category-outras-noticias"],"_links":{"self":[{"href":"https:\/\/tvc16.com\/portal\/wp-json\/wp\/v2\/posts\/97179","targetHints":{"allow":["GET"]}}],"collection":[{"href":"https:\/\/tvc16.com\/portal\/wp-json\/wp\/v2\/posts"}],"about":[{"href":"https:\/\/tvc16.com\/portal\/wp-json\/wp\/v2\/types\/post"}],"author":[{"embeddable":true,"href":"https:\/\/tvc16.com\/portal\/wp-json\/wp\/v2\/users\/2"}],"replies":[{"embeddable":true,"href":"https:\/\/tvc16.com\/portal\/wp-json\/wp\/v2\/comments?post=97179"}],"version-history":[{"count":1,"href":"https:\/\/tvc16.com\/portal\/wp-json\/wp\/v2\/posts\/97179\/revisions"}],"predecessor-version":[{"id":97181,"href":"https:\/\/tvc16.com\/portal\/wp-json\/wp\/v2\/posts\/97179\/revisions\/97181"}],"wp:featuredmedia":[{"embeddable":true,"href":"https:\/\/tvc16.com\/portal\/wp-json\/wp\/v2\/media\/97180"}],"wp:attachment":[{"href":"https:\/\/tvc16.com\/portal\/wp-json\/wp\/v2\/media?parent=97179"}],"wp:term":[{"taxonomy":"category","embeddable":true,"href":"https:\/\/tvc16.com\/portal\/wp-json\/wp\/v2\/categories?post=97179"},{"taxonomy":"post_tag","embeddable":true,"href":"https:\/\/tvc16.com\/portal\/wp-json\/wp\/v2\/tags?post=97179"}],"curies":[{"name":"wp","href":"https:\/\/api.w.org\/{rel}","templated":true}]}}