{"id":97185,"date":"2025-01-12T12:00:00","date_gmt":"2025-01-12T15:00:00","guid":{"rendered":"https:\/\/tvc16.com\/portal\/?p=97185"},"modified":"2025-01-12T01:48:55","modified_gmt":"2025-01-12T04:48:55","slug":"teto-do-seguro-desemprego-sobe-para-r-2-42411-apos-reajuste","status":"publish","type":"post","link":"https:\/\/tvc16.com\/portal\/2025\/01\/12\/teto-do-seguro-desemprego-sobe-para-r-2-42411-apos-reajuste\/","title":{"rendered":"Teto do seguro-desemprego sobe para R$ 2.424,11 ap\u00f3s reajuste"},"content":{"rendered":"\n<p>Piso segue o sal\u00e1rio m\u00ednimo e aumenta para R$ 1.518<\/p>\n\n\n\n<p>A partir deste s\u00e1bado (11), o trabalhador demitido sem justa causa receber\u00e1 mais seguro-desemprego. A tabela das faixas salariais usadas para calcular o valor da parcela seguiu o\u00a0\u00cdndice Nacional de Pre\u00e7os ao Consumidor (INPC)\u00a0de 2024 e foi reajustada em 4,77%<br>\u00a0<br>Com a corre\u00e7\u00e3o, o valor m\u00e1ximo do seguro-desemprego subir\u00e1 de R$ 2.313,74 para R$ 2.424,11, diferen\u00e7a de R$ 110,37. O piso segue a varia\u00e7\u00e3o do sal\u00e1rio m\u00ednimo e aumenta de R$ 1.412 para R$ 1.518. Os novos montantes valem tanto para quem recebe o seguro-desemprego como para quem ainda dar\u00e1 entrada no pedido.<br>\u00a0<br>A parcela do seguro-desemprego \u00e9 calculada com base na m\u00e9dia das tr\u00eas \u00faltimas remunera\u00e7\u00f5es do trabalhador antes da demiss\u00e3o. Ap\u00f3s a corre\u00e7\u00e3o das faixas salariais, o benef\u00edcio ser\u00e1 definido da seguinte forma.<br>\u00a0<br>\u00a0<img decoding=\"async\" src=\"https:\/\/agenciabrasil.ebc.com.br\/ebc.png?id=1626561&amp;o=node\"><img decoding=\"async\" src=\"https:\/\/agenciabrasil.ebc.com.br\/ebc.gif?id=1626561&amp;o=node\"><\/p>\n\n\n\n<figure class=\"wp-block-table\"><table class=\"has-fixed-layout\"><tbody><tr><td><strong>Sal\u00e1rio M\u00e9dio<\/strong><\/td><td><strong>Valor da parcela<\/strong><\/td><\/tr><tr><td>At\u00e9 R$ 2.138,76<\/td><td>80% do sal\u00e1rio m\u00e9dio ou sal\u00e1rio m\u00ednimo, prevalecendo o maior valor<\/td><\/tr><tr><td>De R$ 2.138,77 a R$ 3.564,96<\/td><td>50% sobre o que ultrapassar R$ 2.138,76 mais valor fixo de R$ 1.711,01<\/td><\/tr><tr><td>Acima de R$ 3.564,96<\/td><td>parcela invari\u00e1vel de R$ 2.424,11<\/td><\/tr><\/tbody><\/table><\/figure>\n\n\n\n<h5 class=\"wp-block-heading\">&nbsp;Fonte: Minist\u00e9rio do Trabalho e Emprego<\/h5>\n\n\n\n<h5 class=\"wp-block-heading\">&nbsp;<\/h5>\n\n\n\n<h2 class=\"wp-block-heading\">Direitos<\/h2>\n\n\n\n<p><br>Pago ao trabalhador com carteira assinada dispensado sem justa causa, o seguro-desemprego tem de tr\u00eas a cinco parcelas, que dependem do n\u00famero de meses trabalhados no emprego anterior e do n\u00famero de pedidos do benef\u00edcio, que pode ser solicitado por meio do\u00a0Portal Emprega Brasil\u00a0, do Minist\u00e9rio do Trabalho e Emprego.<br>\u00a0<br>Para ter direito ao seguro-desemprego, o trabalhador deve cumprir os seguintes requisitos:<br>\u00a0<br>\u2022\u00a0\u00a0\u00a0 Ter sido dispensado sem justa causa;<br>\u2022\u00a0\u00a0\u00a0 Estiver desempregado, quando do requerimento do benef\u00edcio;<br>\u2022\u00a0\u00a0\u00a0 Ter recebido sal\u00e1rios de pessoa jur\u00eddica ou pessoa f\u00edsica equiparada \u00e0 jur\u00eddica (inscrita em cadastro espec\u00edfico da Previd\u00eancia Social) relativos a:<br>\u2013\u00a0\u00a0\u00a0\u00a0 pelo menos 12 meses nos \u00faltimos 18 meses imediatamente anteriores \u00e0 data de dispensa, no primeiro pedido;<br>\u2013\u00a0\u00a0\u00a0\u00a0 pelo menos nove meses nos \u00faltimos 12 meses imediatamente anteriores \u00e0 data de dispensa, no segundo pedido; e<br>\u2013\u00a0\u00a0\u00a0\u00a0 cada um dos 6 (seis) meses imediatamente anteriores \u00e0 data de dispensa, nos demais pedidos;<br>\u2022\u00a0\u00a0\u00a0 N\u00e3o ter renda pr\u00f3pria para o seu sustento e de sua fam\u00edlia;<br>\u2022\u00a0\u00a0\u00a0 N\u00e3o estiver recebendo benef\u00edcio de presta\u00e7\u00e3o continuada da Previd\u00eancia Social, exceto pens\u00e3o por morte ou aux\u00edlio-acidente.<br>\u00a0<br>O trabalhador n\u00e3o pode ter outro v\u00ednculo empregat\u00edcio. O prazo para fazer o pedido varia entre o 7\u00ba e o 120\u00ba dia da demiss\u00e3o, para trabalhadores formais, e entre o 7\u00ba e o 90\u00ba dia, para empregados dom\u00e9sticos.<\/p>\n\n\n\n<p>Por Wellton M\u00e1ximo \u2013 Rep\u00f3rter da Ag\u00eancia Brasil<\/p>\n\n\n\n<p>Foto Jos\u00e9 Cruz\/Ag\u00eancia Brasil<\/p>\n","protected":false},"excerpt":{"rendered":"<p>Piso segue o sal\u00e1rio m\u00ednimo e aumenta para R$ 1.518 A partir deste s\u00e1bado (11),<\/p>\n","protected":false},"author":2,"featured_media":97186,"comment_status":"open","ping_status":"open","sticky":false,"template":"","format":"standard","meta":{"footnotes":""},"categories":[17],"tags":[],"class_list":["post-97185","post","type-post","status-publish","format-standard","has-post-thumbnail","hentry","category-outras-noticias"],"_links":{"self":[{"href":"https:\/\/tvc16.com\/portal\/wp-json\/wp\/v2\/posts\/97185","targetHints":{"allow":["GET"]}}],"collection":[{"href":"https:\/\/tvc16.com\/portal\/wp-json\/wp\/v2\/posts"}],"about":[{"href":"https:\/\/tvc16.com\/portal\/wp-json\/wp\/v2\/types\/post"}],"author":[{"embeddable":true,"href":"https:\/\/tvc16.com\/portal\/wp-json\/wp\/v2\/users\/2"}],"replies":[{"embeddable":true,"href":"https:\/\/tvc16.com\/portal\/wp-json\/wp\/v2\/comments?post=97185"}],"version-history":[{"count":1,"href":"https:\/\/tvc16.com\/portal\/wp-json\/wp\/v2\/posts\/97185\/revisions"}],"predecessor-version":[{"id":97187,"href":"https:\/\/tvc16.com\/portal\/wp-json\/wp\/v2\/posts\/97185\/revisions\/97187"}],"wp:featuredmedia":[{"embeddable":true,"href":"https:\/\/tvc16.com\/portal\/wp-json\/wp\/v2\/media\/97186"}],"wp:attachment":[{"href":"https:\/\/tvc16.com\/portal\/wp-json\/wp\/v2\/media?parent=97185"}],"wp:term":[{"taxonomy":"category","embeddable":true,"href":"https:\/\/tvc16.com\/portal\/wp-json\/wp\/v2\/categories?post=97185"},{"taxonomy":"post_tag","embeddable":true,"href":"https:\/\/tvc16.com\/portal\/wp-json\/wp\/v2\/tags?post=97185"}],"curies":[{"name":"wp","href":"https:\/\/api.w.org\/{rel}","templated":true}]}}