{"id":97194,"date":"2025-01-12T18:00:00","date_gmt":"2025-01-12T21:00:00","guid":{"rendered":"https:\/\/tvc16.com\/portal\/?p=97194"},"modified":"2025-01-12T22:44:41","modified_gmt":"2025-01-13T01:44:41","slug":"novo-consorcio-rio-barcas-assume-operacao-em-fevereiro","status":"publish","type":"post","link":"https:\/\/tvc16.com\/portal\/2025\/01\/12\/novo-consorcio-rio-barcas-assume-operacao-em-fevereiro\/","title":{"rendered":"Novo cons\u00f3rcio Rio Barcas assume opera\u00e7\u00e3o em fevereiro"},"content":{"rendered":"\n<p>Contrato ser\u00e1 por presta\u00e7\u00e3o de servi\u00e7o<a href=\"https:\/\/api.whatsapp.com\/send?text=Novo+cons%C3%B3rcio+Rio+Barcas+assume+opera%C3%A7%C3%A3o+em+fevereiro+%7C+Ag%C3%AAncia+Brasil+%7C+Ag%C3%AAncia+Brasil+%7C+https%3A%2F%2Fagenciabrasil.ebc.com.br%2Fgeral%2Fnoticia%2F2025-01%2Fnovo-consorcio-rio-barcas-assume-operacao-em-fevereiro\" target=\"_blank\" rel=\"noreferrer noopener\"><\/a><a href=\"https:\/\/facebook.com\/sharer.php?u=https%3A%2F%2Fagenciabrasil.ebc.com.br%2Fgeral%2Fnoticia%2F2025-01%2Fnovo-consorcio-rio-barcas-assume-operacao-em-fevereiro&amp;t=Novo+cons%C3%B3rcio+Rio+Barcas+assume+opera%C3%A7%C3%A3o+em+fevereiro+%7C+Ag%C3%AAncia+Brasil\" target=\"_blank\" rel=\"noreferrer noopener\"><\/a><a href=\"https:\/\/twitter.com\/intent\/tweet?url=https%3A%2F%2Fagenciabrasil.ebc.com.br%2Fgeral%2Fnoticia%2F2025-01%2Fnovo-consorcio-rio-barcas-assume-operacao-em-fevereiro&amp;text=Novo+cons%C3%B3rcio+Rio+Barcas+assume+opera%C3%A7%C3%A3o+em+fevereiro+%7C+Ag%C3%AAncia+Brasil\" target=\"_blank\" rel=\"noreferrer noopener\"><\/a><a href=\"https:\/\/www.linkedin.com\/shareArticle?url=https%3A%2F%2Fagenciabrasil.ebc.com.br%2Fgeral%2Fnoticia%2F2025-01%2Fnovo-consorcio-rio-barcas-assume-operacao-em-fevereiro&amp;summary=Novo+cons%C3%B3rcio+Rio+Barcas+assume+opera%C3%A7%C3%A3o+em+fevereiro+%7C+Ag%C3%AAncia+Brasil\" target=\"_blank\" rel=\"noreferrer noopener\"><\/a><\/p>\n\n\n\n<p>O novo cons\u00f3rcio Rio Barcas, que ganhou a licita\u00e7\u00e3o em novembro de 2024,&nbsp; assume a opera\u00e7\u00e3o do transporte aquavi\u00e1rio no estado do Rio em fevereiro. As embarca\u00e7\u00f5es e equipamentos j\u00e1 existentes ser\u00e3o aproveitados, e as grades de hor\u00e1rios e as linhas ser\u00e3o mantidas. Desta forma, segundo o governo estadual, est\u00e1 garantida a continuidade da oferta do transporte \u00e0 popula\u00e7\u00e3o.<img decoding=\"async\" src=\"https:\/\/agenciabrasil.ebc.com.br\/ebc.png?id=1626598&amp;o=node\"><img decoding=\"async\" src=\"https:\/\/agenciabrasil.ebc.com.br\/ebc.gif?id=1626598&amp;o=node\"><\/p>\n\n\n\n<p>Uma das principais mudan\u00e7as da nova modelagem \u00e9 que o contrato ser\u00e1 por presta\u00e7\u00e3o de servi\u00e7o, assegurando ao governo do Rio a responsabilidade pela fiscaliza\u00e7\u00e3o, pagamento e defini\u00e7\u00e3o de investimentos futuros. A receita da tarifa paga pelo passageiro passar\u00e1 a ser do estado e o novo operador ser\u00e1 remunerado com base na quantidade de milhas n\u00e1uticas determinada a partir da grade atual.<\/p>\n\n\n\n<p>Outra novidade \u00e9 que o prestador de servi\u00e7o dever\u00e1 contratar um sistema de limpeza para a Ba\u00eda de Guanabara, contribuindo para o meio ambiente e reduzindo danos \u00e0s embarca\u00e7\u00f5es, al\u00e9m de providenciar esta\u00e7\u00f5es de monitoramento da qualidade do ar.<\/p>\n\n\n\n<p>Por Ag\u00eancia Brasil<\/p>\n\n\n\n<p>Foto T\u00e2nia R\u00eago\/Ag\u00eancia Brasil<\/p>\n","protected":false},"excerpt":{"rendered":"<p>Contrato ser\u00e1 por presta\u00e7\u00e3o de servi\u00e7o O novo cons\u00f3rcio Rio Barcas, que ganhou a licita\u00e7\u00e3o<\/p>\n","protected":false},"author":2,"featured_media":97195,"comment_status":"open","ping_status":"open","sticky":false,"template":"","format":"standard","meta":{"footnotes":""},"categories":[17],"tags":[],"class_list":["post-97194","post","type-post","status-publish","format-standard","has-post-thumbnail","hentry","category-outras-noticias"],"_links":{"self":[{"href":"https:\/\/tvc16.com\/portal\/wp-json\/wp\/v2\/posts\/97194","targetHints":{"allow":["GET"]}}],"collection":[{"href":"https:\/\/tvc16.com\/portal\/wp-json\/wp\/v2\/posts"}],"about":[{"href":"https:\/\/tvc16.com\/portal\/wp-json\/wp\/v2\/types\/post"}],"author":[{"embeddable":true,"href":"https:\/\/tvc16.com\/portal\/wp-json\/wp\/v2\/users\/2"}],"replies":[{"embeddable":true,"href":"https:\/\/tvc16.com\/portal\/wp-json\/wp\/v2\/comments?post=97194"}],"version-history":[{"count":1,"href":"https:\/\/tvc16.com\/portal\/wp-json\/wp\/v2\/posts\/97194\/revisions"}],"predecessor-version":[{"id":97196,"href":"https:\/\/tvc16.com\/portal\/wp-json\/wp\/v2\/posts\/97194\/revisions\/97196"}],"wp:featuredmedia":[{"embeddable":true,"href":"https:\/\/tvc16.com\/portal\/wp-json\/wp\/v2\/media\/97195"}],"wp:attachment":[{"href":"https:\/\/tvc16.com\/portal\/wp-json\/wp\/v2\/media?parent=97194"}],"wp:term":[{"taxonomy":"category","embeddable":true,"href":"https:\/\/tvc16.com\/portal\/wp-json\/wp\/v2\/categories?post=97194"},{"taxonomy":"post_tag","embeddable":true,"href":"https:\/\/tvc16.com\/portal\/wp-json\/wp\/v2\/tags?post=97194"}],"curies":[{"name":"wp","href":"https:\/\/api.w.org\/{rel}","templated":true}]}}