{"id":97200,"date":"2025-01-13T07:00:00","date_gmt":"2025-01-13T10:00:00","guid":{"rendered":"https:\/\/tvc16.com\/portal\/?p=97200"},"modified":"2025-01-12T22:08:19","modified_gmt":"2025-01-13T01:08:19","slug":"governo-do-estado-atua-em-sao-francisco-de-itabapoana-para-apoiar-familias-atingidas-por-alagamentos","status":"publish","type":"post","link":"https:\/\/tvc16.com\/portal\/2025\/01\/13\/governo-do-estado-atua-em-sao-francisco-de-itabapoana-para-apoiar-familias-atingidas-por-alagamentos\/","title":{"rendered":"Governo do Estado atua em S\u00e3o Francisco de Itabapoana para apoiar fam\u00edlias atingidas por alagamentos"},"content":{"rendered":"\n<p><em>Cerca de 500 fam\u00edlias foram afetadas no bairro Ilha dos Mineiros, distrito de Guaxindiba<\/em><\/p>\n\n\n\n<p>O Governo do Estado, por meio da Secretaria de Defesa Civil (SEDEC-RJ), est\u00e1 prestando suporte t\u00e9cnico ao munic\u00edpio de S\u00e3o Francisco de Itabapoana, no Norte Fluminense, para a decreta\u00e7\u00e3o de situa\u00e7\u00e3o de emerg\u00eancia. A mobiliza\u00e7\u00e3o acontece em decorr\u00eancia dos alagamentos que atingiram o bairro Ilha dos Mineiros, no distrito de Guaxindiba, onde cerca de 500 fam\u00edlias foram afetadas. Desse total, 70 pessoas est\u00e3o desalojadas e abrigadas em casas de parentes, enquanto 15 desabrigados encontram-se acolhidos na Escola Municipal Dirceu Dias Silva, adaptada como abrigo tempor\u00e1rio. \u00a0<\/p>\n\n\n\n<p>\u2014 Antes de tudo quero me solidarizar com as fam\u00edlias que foram atingidas por esse desastre. O Governo do Estado est\u00e1 atuando para colaborar com o que for necess\u00e1rio para amenizar essa situa\u00e7\u00e3o e para que tudo volte \u00e0 normalidade o quanto antes \u2013 ressaltou o governador Cl\u00e1udio Castro.<\/p>\n\n\n\n<p>O Governo do Estado j\u00e1 disponibilizou para o munic\u00edpio 252 colch\u00f5es, 350 travesseiros, 350 cobertores, 350 len\u00e7\u00f3is, 350 fronhas, 1.500 litros de \u00e1gua mineral e 350 panos para limpeza. O trabalho integrado entre a SEDEC-RJ e as autoridades locais visa a seguran\u00e7a e o bem-estar da popula\u00e7\u00e3o. As a\u00e7\u00f5es incluem tamb\u00e9m assist\u00eancia \u00e0s fam\u00edlias, monitoramento da situa\u00e7\u00e3o e planejamento de medidas preventivas para minimizar os efeitos das chuvas.<\/p>\n\n\n\n<p>As equipes da Defesa Civil atuam no levantamento detalhado dos danos aos moradores e na quantifica\u00e7\u00e3o dos impactos para orientar as a\u00e7\u00f5es emergenciais e a libera\u00e7\u00e3o de recursos necess\u00e1rios. O objetivo \u00e9 atender \u00e0s necessidades imediatas das fam\u00edlias e garantir o suporte t\u00e9cnico e operacional \u00e0 gest\u00e3o municipal. &nbsp;<\/p>\n\n\n\n<p><strong>Secretarias trabalham em v\u00e1rios munic\u00edpios<\/strong><\/p>\n\n\n\n<p>Al\u00e9m das a\u00e7\u00f5es em S\u00e3o Francisco de Itabapoana, o governo est\u00e1 trabalhando na desobstru\u00e7\u00e3o de estradas, ruas e limpeza de rios em diversos munic\u00edpios do Estado.<\/p>\n\n\n\n<p>A Secretaria de Infraestrutura e Obras P\u00fablicas (SEIOP) e o Departamento de Estradas de Rodagem (DER) est\u00e3o atuando nas cidades de Santo Ant\u00f4nio de P\u00e1dua, Itaocara, Macuco, Cantagalo, Maca\u00e9 e Paraty com maquin\u00e1rio e equipamentos para buscar solu\u00e7\u00f5es para os estragos causados pelas chuvas.<\/p>\n\n\n\n<p>Em Petr\u00f3polis, o Instituto Estadual do Ambiente (Inea) realiza o servi\u00e7o de limpeza de rios em quatro localidades.<\/p>\n\n\n\n<p><strong>Bombeiros em alerta<\/strong><\/p>\n\n\n\n<p>Os Bombeiros RJ est\u00e3o em alerta, mobilizados para o atendimento a poss\u00edveis emerg\u00eancias. As equipes contam com apoio de viaturas de salvamento e resgate, ambul\u00e2ncias, embarca\u00e7\u00f5es, drones e aeronaves.<\/p>\n","protected":false},"excerpt":{"rendered":"<p>Cerca de 500 fam\u00edlias foram afetadas no bairro Ilha dos Mineiros, distrito de Guaxindiba O<\/p>\n","protected":false},"author":2,"featured_media":97201,"comment_status":"open","ping_status":"open","sticky":false,"template":"","format":"standard","meta":{"footnotes":""},"categories":[17],"tags":[],"class_list":["post-97200","post","type-post","status-publish","format-standard","has-post-thumbnail","hentry","category-outras-noticias"],"_links":{"self":[{"href":"https:\/\/tvc16.com\/portal\/wp-json\/wp\/v2\/posts\/97200","targetHints":{"allow":["GET"]}}],"collection":[{"href":"https:\/\/tvc16.com\/portal\/wp-json\/wp\/v2\/posts"}],"about":[{"href":"https:\/\/tvc16.com\/portal\/wp-json\/wp\/v2\/types\/post"}],"author":[{"embeddable":true,"href":"https:\/\/tvc16.com\/portal\/wp-json\/wp\/v2\/users\/2"}],"replies":[{"embeddable":true,"href":"https:\/\/tvc16.com\/portal\/wp-json\/wp\/v2\/comments?post=97200"}],"version-history":[{"count":1,"href":"https:\/\/tvc16.com\/portal\/wp-json\/wp\/v2\/posts\/97200\/revisions"}],"predecessor-version":[{"id":97202,"href":"https:\/\/tvc16.com\/portal\/wp-json\/wp\/v2\/posts\/97200\/revisions\/97202"}],"wp:featuredmedia":[{"embeddable":true,"href":"https:\/\/tvc16.com\/portal\/wp-json\/wp\/v2\/media\/97201"}],"wp:attachment":[{"href":"https:\/\/tvc16.com\/portal\/wp-json\/wp\/v2\/media?parent=97200"}],"wp:term":[{"taxonomy":"category","embeddable":true,"href":"https:\/\/tvc16.com\/portal\/wp-json\/wp\/v2\/categories?post=97200"},{"taxonomy":"post_tag","embeddable":true,"href":"https:\/\/tvc16.com\/portal\/wp-json\/wp\/v2\/tags?post=97200"}],"curies":[{"name":"wp","href":"https:\/\/api.w.org\/{rel}","templated":true}]}}