{"id":97203,"date":"2025-01-13T07:15:00","date_gmt":"2025-01-13T10:15:00","guid":{"rendered":"https:\/\/tvc16.com\/portal\/?p=97203"},"modified":"2025-01-12T22:14:00","modified_gmt":"2025-01-13T01:14:00","slug":"apos-incendio-na-uruguaiana-paes-promete-reformas-e-ajuda-a-lojistas","status":"publish","type":"post","link":"https:\/\/tvc16.com\/portal\/2025\/01\/13\/apos-incendio-na-uruguaiana-paes-promete-reformas-e-ajuda-a-lojistas\/","title":{"rendered":"Ap\u00f3s inc\u00eandio na Uruguaiana, Paes promete reformas e ajuda a lojistas"},"content":{"rendered":"\n<p>Prefeito do Rio foi at\u00e9 o local do inc\u00eandio, acompanhar a situa\u00e7\u00e3o<\/p>\n\n\n\n<p>O prefeito do Rio de Janeiro, Eduardo Paes, garantiu ajuda do munic\u00edpio aos comerciantes que tiveram preju\u00edzos no inc\u00eandio que atingiu neste domingo (12) o camel\u00f3dromo da Uruguaiana, polo de com\u00e9rcio popular no centro da cidade. Ele tamb\u00e9m afirmou que pretende reformar o lugar, melhorando a infraestrutura.<img decoding=\"async\" src=\"https:\/\/agenciabrasil.ebc.com.br\/ebc.png?id=1626632&amp;o=node\"><img decoding=\"async\" src=\"https:\/\/agenciabrasil.ebc.com.br\/ebc.gif?id=1626632&amp;o=node\"><\/p>\n\n\n\n<p>Paes citou como refer\u00eancia o trabalho de recupera\u00e7\u00e3o realizado no Mercad\u00e3o de Madureira, centro comercial da zona norte da capital fluminense que foi devastado em um inc\u00eandio no ano de 2000.<\/p>\n\n\n\n<p>&#8220;J\u00e1 disse aos comerciantes que infelizmente perderam o seu com\u00e9rcio que a gente vai ajudar. Vamos reconstruir. Ent\u00e3o todo mundo aqui pode ficar tranquilo. Mas eu espero poder fazer isso de uma maneira mais organizada, com uma estrutura melhor. Acho que tem um belo exemplo na cidade do Rio, que \u00e9 o Mercad\u00e3o de Madureira. L\u00e1 tamb\u00e9m pegou fogo, era uma coisa meio bagun\u00e7ada igual aqui e foi totalmente recuperado. Passou a ser um&nbsp;<em>shopping<\/em>, com muita qualidade&#8221;, disse o prefeito.<\/p>\n\n\n\n<p>Mais de 60 bombeiros de 10 quart\u00e9is diferentes foram mobilizados pela manh\u00e3 para\u00a0combater o inc\u00eandio no camel\u00f3dromo\u00a0da Uruguaiana. Pelas redes sociais, moradores compartilharam imagens das chamas e da fuma\u00e7a, que foram vistas de diversos pontos da cidade. Paes se deslocou at\u00e9 o local para acompanhar a situa\u00e7\u00e3o.<\/p>\n\n\n\n<p>&#8220;Precisamos parabenizar o trabalho do Corpo de Bombeiros, que foi muito r\u00e1pido. Evitou que fosse um mal maior. Isso n\u00e3o \u00e9 a primeira vez que acontece. No outro governo, a gente teve inc\u00eandio aqui. N\u00e3o d\u00e1 pra dizer de quem \u00e9 a responsabilidade. Agora eu acho que aqui surge uma oportunidade pra gente fazer uma coisa mais definitiva e com mais qualidade&#8221;, afirmou.<\/p>\n\n\n\n<p>De acordo com nota divulgada pelo Corpo de Bombeiros, n\u00e3o h\u00e1 registro de v\u00edtimas na ocorr\u00eancia. O fogo atingiu parte dos boxes do camel\u00f3dromo. As lojas afetadas se situam no cruzamento da Rua dos Andradas com a Rua Senhor dos Passos, pr\u00f3ximo \u00e0 entrada da esta\u00e7\u00e3o do metr\u00f4, que foi fechada por precau\u00e7\u00e3o. A Defesa Civil interditou por tempo indeterminado todo o camel\u00f3dromo e uma vistoria ser\u00e1 realizada para avaliar melhor o cen\u00e1rio.<\/p>\n\n\n\n<p>As causas do inc\u00eandio ser\u00e3o investigadas pela Pol\u00edcia Civil. As lojas do camel\u00f3dromo da Uruguaiana vendem uma grande variedade de produtos, tais como celulares e outros equipamentos eletr\u00f4nicos, itens de papelaria e de festa, roupas, cal\u00e7ados e alimentos.<\/p>\n\n\n\n<p>A Guarda Municipal, a Companhia de Engenharia de Tr\u00e1fego (CET-Rio), a Companhia Municipal de Limpeza Urbana (Comlurb) e a concession\u00e1ria dos servi\u00e7os de energia Light tamb\u00e9m enviaram equipes ao local. A Rua Uruguaiana precisou ser interditada e o tr\u00e2nsito foi desviado pela Rua Buenos Aires.<\/p>\n\n\n\n<p>Por L\u00e9o Rodrigues \u2013 Rep\u00f3rter da Ag\u00eancia Brasil<\/p>\n\n\n\n<p>Foto Angela Goes\/CBMERJ<\/p>\n\n\n\n<p><\/p>\n","protected":false},"excerpt":{"rendered":"<p>Prefeito do Rio foi at\u00e9 o local do inc\u00eandio, acompanhar a situa\u00e7\u00e3o O prefeito do<\/p>\n","protected":false},"author":2,"featured_media":97204,"comment_status":"open","ping_status":"open","sticky":false,"template":"","format":"standard","meta":{"footnotes":""},"categories":[17],"tags":[],"class_list":["post-97203","post","type-post","status-publish","format-standard","has-post-thumbnail","hentry","category-outras-noticias"],"_links":{"self":[{"href":"https:\/\/tvc16.com\/portal\/wp-json\/wp\/v2\/posts\/97203","targetHints":{"allow":["GET"]}}],"collection":[{"href":"https:\/\/tvc16.com\/portal\/wp-json\/wp\/v2\/posts"}],"about":[{"href":"https:\/\/tvc16.com\/portal\/wp-json\/wp\/v2\/types\/post"}],"author":[{"embeddable":true,"href":"https:\/\/tvc16.com\/portal\/wp-json\/wp\/v2\/users\/2"}],"replies":[{"embeddable":true,"href":"https:\/\/tvc16.com\/portal\/wp-json\/wp\/v2\/comments?post=97203"}],"version-history":[{"count":1,"href":"https:\/\/tvc16.com\/portal\/wp-json\/wp\/v2\/posts\/97203\/revisions"}],"predecessor-version":[{"id":97205,"href":"https:\/\/tvc16.com\/portal\/wp-json\/wp\/v2\/posts\/97203\/revisions\/97205"}],"wp:featuredmedia":[{"embeddable":true,"href":"https:\/\/tvc16.com\/portal\/wp-json\/wp\/v2\/media\/97204"}],"wp:attachment":[{"href":"https:\/\/tvc16.com\/portal\/wp-json\/wp\/v2\/media?parent=97203"}],"wp:term":[{"taxonomy":"category","embeddable":true,"href":"https:\/\/tvc16.com\/portal\/wp-json\/wp\/v2\/categories?post=97203"},{"taxonomy":"post_tag","embeddable":true,"href":"https:\/\/tvc16.com\/portal\/wp-json\/wp\/v2\/tags?post=97203"}],"curies":[{"name":"wp","href":"https:\/\/api.w.org\/{rel}","templated":true}]}}