{"id":97209,"date":"2025-01-13T08:00:00","date_gmt":"2025-01-13T11:00:00","guid":{"rendered":"https:\/\/tvc16.com\/portal\/?p=97209"},"modified":"2025-01-12T22:35:46","modified_gmt":"2025-01-13T01:35:46","slug":"governo-do-estado-acompanha-a-mobilizacao-para-controlar-incendio-no-centro-do-rio-que-atingiu-lojas-do-camelodromo-da-uruguaiana","status":"publish","type":"post","link":"https:\/\/tvc16.com\/portal\/2025\/01\/13\/governo-do-estado-acompanha-a-mobilizacao-para-controlar-incendio-no-centro-do-rio-que-atingiu-lojas-do-camelodromo-da-uruguaiana\/","title":{"rendered":"Governo do estado acompanha a mobiliza\u00e7\u00e3o para controlar inc\u00eandio no centro do Rio que atingiu lojas do camel\u00f3dromo da Uruguaiana"},"content":{"rendered":"\n<p>Mais de 60 bombeiros est\u00e3o no local para combater as chamas<\/p>\n\n\n\n<p>Mais de 60 bombeiros de 10 quart\u00e9is diferentes foram mobilizados na manh\u00e3 deste domingo (12) para combater um inc\u00eandio no camel\u00f3dromo da Uruguaiana, polo de com\u00e9rcio popular no centro do Rio de Janeiro.<img decoding=\"async\" src=\"https:\/\/agenciabrasil.ebc.com.br\/ebc.png?id=1626624&amp;o=node\"><img decoding=\"async\" src=\"https:\/\/agenciabrasil.ebc.com.br\/ebc.gif?id=1626624&amp;o=node\"><\/p>\n\n\n\n<p>Pelas redes sociais, moradores compartilham imagens das chamas e da fuma\u00e7a, que podem ser vistas de diversos pontos da cidade.<\/p>\n\n\n\n<p>&#8220;N\u00e3o h\u00e1 v\u00edtimas na ocorr\u00eancia&#8221;, informou em nota o Corpo de Bombeiros. De acordo com o texto, o fogo atinge parte dos boxes do camel\u00f3dromo. As lojas afetadas se situam no cruzamento da Rua dos Andradas com a Rua Senhor dos Passos, pr\u00f3ximo \u00e0 entrada da esta\u00e7\u00e3o do metr\u00f4.<\/p>\n\n\n\n<p>Ainda n\u00e3o h\u00e1 informa\u00e7\u00f5es sobre as causas do inc\u00eandio. As lojas do camel\u00f3dromo da Uruguaiana vendem uma grande variedade de produtos, tais como celulares e outros equipamentos eletr\u00f4nicos, itens de papelaria e de festa, roupas, cal\u00e7ados e alimentos.<\/p>\n\n\n\n<p>Pelas redes sociais, o Centro de Opera\u00e7\u00f5es da Prefeitura do Rio de Janeiro informou que a Guarda Municipal, a Companhia de Engenharia de Tr\u00e1fego (CET-Rio), a Companhia Municipal de Limpeza Urbana (Comlurb) e a concession\u00e1ria dos servi\u00e7os de energia Light tamb\u00e9m est\u00e3o no local. &#8220;Rua Uruguaiana interditada e o tr\u00e2nsito sendo desviado pela Rua Buenos Aires&#8221;, registra a postagem.<\/p>\n\n\n\n<p>De acordo com nota divulgada pelo governo estadual, policiais militares tamb\u00e9m foram destacados para auxiliar o Corpo de Bombeiros e isolar a \u00e1rea para per\u00edcia. &#8220;A Pol\u00edcia Civil investiga as causas do inc\u00eandio&#8221;, diz o texto. A nota acrescenta ainda que o governador Cl\u00e1udio Castro est\u00e1 acompanhando a situa\u00e7\u00e3o.<\/p>\n\n\n\n<p>Por L\u00e9o Rodrigues \u2013 Rep\u00f3rter da Ag\u00eancia Brasil <\/p>\n\n\n\n<p>Foto Angela Goes\/CBMERJ<\/p>\n","protected":false},"excerpt":{"rendered":"<p>Mais de 60 bombeiros est\u00e3o no local para combater as chamas Mais de 60 bombeiros<\/p>\n","protected":false},"author":2,"featured_media":97211,"comment_status":"open","ping_status":"open","sticky":false,"template":"","format":"standard","meta":{"footnotes":""},"categories":[17],"tags":[],"class_list":["post-97209","post","type-post","status-publish","format-standard","has-post-thumbnail","hentry","category-outras-noticias"],"_links":{"self":[{"href":"https:\/\/tvc16.com\/portal\/wp-json\/wp\/v2\/posts\/97209","targetHints":{"allow":["GET"]}}],"collection":[{"href":"https:\/\/tvc16.com\/portal\/wp-json\/wp\/v2\/posts"}],"about":[{"href":"https:\/\/tvc16.com\/portal\/wp-json\/wp\/v2\/types\/post"}],"author":[{"embeddable":true,"href":"https:\/\/tvc16.com\/portal\/wp-json\/wp\/v2\/users\/2"}],"replies":[{"embeddable":true,"href":"https:\/\/tvc16.com\/portal\/wp-json\/wp\/v2\/comments?post=97209"}],"version-history":[{"count":2,"href":"https:\/\/tvc16.com\/portal\/wp-json\/wp\/v2\/posts\/97209\/revisions"}],"predecessor-version":[{"id":97212,"href":"https:\/\/tvc16.com\/portal\/wp-json\/wp\/v2\/posts\/97209\/revisions\/97212"}],"wp:featuredmedia":[{"embeddable":true,"href":"https:\/\/tvc16.com\/portal\/wp-json\/wp\/v2\/media\/97211"}],"wp:attachment":[{"href":"https:\/\/tvc16.com\/portal\/wp-json\/wp\/v2\/media?parent=97209"}],"wp:term":[{"taxonomy":"category","embeddable":true,"href":"https:\/\/tvc16.com\/portal\/wp-json\/wp\/v2\/categories?post=97209"},{"taxonomy":"post_tag","embeddable":true,"href":"https:\/\/tvc16.com\/portal\/wp-json\/wp\/v2\/tags?post=97209"}],"curies":[{"name":"wp","href":"https:\/\/api.w.org\/{rel}","templated":true}]}}