{"id":97217,"date":"2025-01-13T08:17:55","date_gmt":"2025-01-13T11:17:55","guid":{"rendered":"https:\/\/tvc16.com\/portal\/?p=97217"},"modified":"2025-01-13T08:17:57","modified_gmt":"2025-01-13T11:17:57","slug":"campeao-olimpico-das-argolas-arthur-zanetti-anuncia-aposentadoria","status":"publish","type":"post","link":"https:\/\/tvc16.com\/portal\/2025\/01\/13\/campeao-olimpico-das-argolas-arthur-zanetti-anuncia-aposentadoria\/","title":{"rendered":"Campe\u00e3o ol\u00edmpico das argolas, Arthur Zanetti anuncia aposentadoria"},"content":{"rendered":"\n<p><em>Depois de 16 anos no alto rendimento, agora ex-ginasta ser\u00e1 treinador<\/em><\/p>\n\n\n\n<p>Por Lincoln Chaves &#8211; Rep\u00f3rter da EBC \/ Foto: Foto divulga\u00e7\u00e3o\/Comit\u00ea Ol\u00edmpico Brasileiro<\/p>\n\n\n\n<p><\/p>\n\n\n\n<p>O ginasta Arthur Zanetti, medalhista de ouro na Olimp\u00edada de Londres, no Reino Unido, em 2012, anunciou, neste domingo (12), a aposentadoria como atleta profissional. O paulista de 34 anos, a maior parte deles no esporte, continuar\u00e1 ligado \u00e0 modalidade, agora como treinador de gin\u00e1stica em S\u00e3o Caetano do Sul (SP), onde nasceu e vive.<img decoding=\"async\" src=\"https:\/\/agenciabrasil.ebc.com.br\/ebc.png?id=1626636&amp;o=node\"><img decoding=\"async\" src=\"https:\/\/agenciabrasil.ebc.com.br\/ebc.gif?id=1626636&amp;o=node\"><\/p>\n\n\n\n<p>Antes dos Jogos de Paris, na Fran\u00e7a, no ano passado, Zanetti j\u00e1 dizia que aquele seria o \u00faltimo ciclo ol\u00edmpico da carreira. Em reportagem da&nbsp;<strong>Ag\u00eancia Brasil<\/strong>&nbsp;publicada em junho de 2023, cuja entrevista tamb\u00e9m foi exibida no programa&nbsp;<strong>Stadium<\/strong>, da&nbsp;<strong>TV Brasil<\/strong>, o agora ex-ginasta relatou que, ap\u00f3s 16 anos treinando e competindo em alta intensidade, &#8220;\u00e0s vezes a mente quer fazer [o movimento], mas o corpo acaba n\u00e3o correspondendo&#8221;. Outra raz\u00e3o, segundo o paulista, era passar mais tempo com o filho, Liam, que completa cinco anos em 2025.<\/p>\n\n\n\n<p>Por conta de les\u00f5es, Zanetti perdeu eventos importantes do ciclo de Paris, como o Mundial de Antu\u00e9rpia, na B\u00e9lgica, e os Jogos Pan-Americanos de Santiago, no Chile, ambos em 2023. A contus\u00e3o derradeira foi um rompimento agudo do tend\u00e3o do b\u00edceps distal do bra\u00e7o esquerdo, em maio do ano passado, quando ainda buscava vaga para os Jogos da capital francesa.<\/p>\n\n\n\n<p>A aposentadoria rendeu homenagens de personalidades esportivas. O presidente do Comit\u00ea Ol\u00edmpico do Brasil, Marco Ant\u00f4nio La Porta, disse que Zanetti &#8220;\u00e9 a prova de que \u00e9 poss\u00edvel, de que podemos chegar l\u00e1 com muito treino, dedica\u00e7\u00e3o e talento&#8221; e que ser\u00e1 um privil\u00e9gio t\u00ea-lo &#8220;na forma\u00e7\u00e3o de grandes cidad\u00e3o e novos campe\u00f5es&#8221; como t\u00e9cnico.<\/p>\n\n\n\n<p>O grego Eleftherios Petrounias, grande advers\u00e1rio de Zanetti, tamb\u00e9m se manifestou. Pelo Instagram, o ginasta tricampe\u00e3o mundial e medalhista de ouro nas argolas nos Jogos do Rio de Janeiro, em 2016, afirmou que o paulista o tornou &#8220;um atleta melhor, uma pessoa melhor&#8221;, que acredita ter um grande amigo no Brasil e que ele deveria pensar o mesmo. Petrounias ainda disse que o brasileiro ter\u00e1 sempre seu &#8220;respeito e amizade&#8221;.<\/p>\n\n\n\n<p>Al\u00e9m do ouro de Londres, o primeiro da gin\u00e1stica brasileira em Olimp\u00edadas, Zanetti foi prata na Rio 2016, tamb\u00e9m nas argolas. Nos Jogos de T\u00f3quio, no Jap\u00e3o, em 2021, tentou executar uma apresenta\u00e7\u00e3o que lhe garantiria um lugar no p\u00f3dio do aparelho, sem ter sucesso. Ele ainda obteve quatro medalhas em Campeonatos Mundiais, sendo uma dourada na edi\u00e7\u00e3o de Antu\u00e9rpia,&nbsp;em 2013, e tr\u00eas prateadas.<\/p>\n\n\n<div class=\"wp-block-image\">\n<figure class=\"aligncenter is-resized\"><img decoding=\"async\" src=\"https:\/\/imagens.ebc.com.br\/RVnSqsxcleB0EH2bAXwj2cpXplw=\/754x0\/smart\/https:\/\/agenciabrasil.ebc.com.br\/sites\/default\/files\/atoms\/image\/1037886-14.08.2016_fefz-151758.jpg?itok=R2K1tAea\" alt=\"Rio de Janeiro - Ginasta Arthur Zanetti (D) \u00e9 prata nas argolas em final vencida pelo grego Eleftherios Petrounias (C), com o russo Denis Abliazin (E) em terceiro ( Fernando Fraz\u00e3o\/Ag\u00eancia Brasil)\" style=\"width:630px;height:auto\" title=\"Fernando Fraz\u00e3o\/Ag\u00eancia Brasil\"\/><\/figure>\n<\/div>\n\n\n<p>Ginasta Arthur Zanetti (D) \u00e9 prata nas argolas em final vencida pelo grego Eleftherios Petrounias (C), com o russo Denis Abliazin (E) em terceiro &#8211;&nbsp;<strong>Fernando Fraz\u00e3o\/Ag\u00eancia Brasil<\/strong><br><\/p>\n","protected":false},"excerpt":{"rendered":"<p>Depois de 16 anos no alto rendimento, agora ex-ginasta ser\u00e1 treinador Por Lincoln Chaves &#8211;<\/p>\n","protected":false},"author":2,"featured_media":97218,"comment_status":"open","ping_status":"open","sticky":false,"template":"","format":"standard","meta":{"footnotes":""},"categories":[17],"tags":[],"class_list":["post-97217","post","type-post","status-publish","format-standard","has-post-thumbnail","hentry","category-outras-noticias"],"_links":{"self":[{"href":"https:\/\/tvc16.com\/portal\/wp-json\/wp\/v2\/posts\/97217","targetHints":{"allow":["GET"]}}],"collection":[{"href":"https:\/\/tvc16.com\/portal\/wp-json\/wp\/v2\/posts"}],"about":[{"href":"https:\/\/tvc16.com\/portal\/wp-json\/wp\/v2\/types\/post"}],"author":[{"embeddable":true,"href":"https:\/\/tvc16.com\/portal\/wp-json\/wp\/v2\/users\/2"}],"replies":[{"embeddable":true,"href":"https:\/\/tvc16.com\/portal\/wp-json\/wp\/v2\/comments?post=97217"}],"version-history":[{"count":1,"href":"https:\/\/tvc16.com\/portal\/wp-json\/wp\/v2\/posts\/97217\/revisions"}],"predecessor-version":[{"id":97219,"href":"https:\/\/tvc16.com\/portal\/wp-json\/wp\/v2\/posts\/97217\/revisions\/97219"}],"wp:featuredmedia":[{"embeddable":true,"href":"https:\/\/tvc16.com\/portal\/wp-json\/wp\/v2\/media\/97218"}],"wp:attachment":[{"href":"https:\/\/tvc16.com\/portal\/wp-json\/wp\/v2\/media?parent=97217"}],"wp:term":[{"taxonomy":"category","embeddable":true,"href":"https:\/\/tvc16.com\/portal\/wp-json\/wp\/v2\/categories?post=97217"},{"taxonomy":"post_tag","embeddable":true,"href":"https:\/\/tvc16.com\/portal\/wp-json\/wp\/v2\/tags?post=97217"}],"curies":[{"name":"wp","href":"https:\/\/api.w.org\/{rel}","templated":true}]}}