{"id":97220,"date":"2025-01-13T09:31:39","date_gmt":"2025-01-13T12:31:39","guid":{"rendered":"https:\/\/tvc16.com\/portal\/?p=97220"},"modified":"2025-01-13T09:31:42","modified_gmt":"2025-01-13T12:31:42","slug":"dino-da-30-dias-para-governo-ter-regras-para-emendas-em-universidades","status":"publish","type":"post","link":"https:\/\/tvc16.com\/portal\/2025\/01\/13\/dino-da-30-dias-para-governo-ter-regras-para-emendas-em-universidades\/","title":{"rendered":"Dino d\u00e1 30 dias para governo ter regras para emendas em universidades"},"content":{"rendered":"\n<p><em>Decis\u00e3o considera necessidade presta\u00e7\u00e3o de contas e transpar\u00eancia<\/em><\/p>\n\n\n\n<p>Por Luiz Claudio Ferreira \u2013 Rep\u00f3rter da Ag\u00eancia Brasil \/ Foto: Rosinei Coutinho\/SCO\/STF<\/p>\n\n\n\n<p><\/p>\n\n\n\n<p>O ministro Fl\u00e1vio Dino, do Supremo Tribunal Federal (STF), determinou, neste domingo (12), que os governos federal e estaduais apresentem, em um prazo de 30 dias, a publica\u00e7\u00e3o de normas para uso de recursos de emendas parlamentares federais em institui\u00e7\u00f5es de ensino superior.<img decoding=\"async\" src=\"https:\/\/agenciabrasil.ebc.com.br\/ebc.png?id=1626633&amp;o=node\"><img decoding=\"async\" src=\"https:\/\/agenciabrasil.ebc.com.br\/ebc.gif?id=1626633&amp;o=node\"><\/p>\n\n\n\n<p>A decis\u00e3o do ministro leva em conta a necessidade de \u201cpresta\u00e7\u00e3o de contas adequadas quanto \u00e0s emendas parlamentares federais, com transpar\u00eancia e rastreabilidade\u201d tanto nas universidades \u201ccomo nas suas respectivas Funda\u00e7\u00f5es de Apoio\u201d.<\/p>\n\n\n\n<p>Dino fez a determina\u00e7\u00e3o ao minist\u00e9rio da Educa\u00e7\u00e3o (MEC), \u00e0 Controladoria-Geral da Uni\u00e3o (CGU) e \u00e0 Advocacia-Geral da Uni\u00e3o (AGU) e, \u201cpor simetria\u201d, aos Estados, que dever\u00e3o \u201cproceder da mesma maneira\u201d.<\/p>\n\n\n\n<p>Dino pediu urg\u00eancia na divulga\u00e7\u00e3o e determinou que a decis\u00e3o tenha ci\u00eancia dos presidentes da Associa\u00e7\u00e3o Nacional dos Dirigentes das Institui\u00e7\u00f5es Federais de Ensino Superior (Andifes) e do Conselho de Reitores das Universidades Brasileiras (CRUB).<\/p>\n\n\n\n<h2 class=\"wp-block-heading\">&#8220;Maior volume&#8221;<\/h2>\n\n\n\n<p>No despacho, o ministro contextualizou que a CGU apresentou os resultados de auditoria realizada sobre as 33 entidades sem fins lucrativos que receberam o maior volume de empenhos e o maior valor de pagamentos oriundos de emendas parlamentares no per\u00edodo de 2 de fevereiro a 21 de dezembro no ano passado.<\/p>\n\n\n\n<p>\u201cEntre as entidades selecionadas na amostra, h\u00e1 um n\u00famero significativo de Funda\u00e7\u00f5es de Apoio a Universidades (&#8230;) h\u00e1 relatos nos autos de que tais Funda\u00e7\u00f5es, por interm\u00e9dio de contrata\u00e7\u00f5es de ONGs sem crit\u00e9rios objetivos, t\u00eam servido como instrumentos para repasses de valores provenientes de emendas parlamentares\u201d, argumentou o ministro.<\/p>\n\n\n\n<h2 class=\"wp-block-heading\">Relator<\/h2>\n\n\n\n<p>Fl\u00e1vio Dino \u00e9 relator da a\u00e7\u00e3o (movida pelo Psol) contra a falta de transpar\u00eancia da destina\u00e7\u00e3o de recursos p\u00fablicos do Or\u00e7amento federal, liberados pelo Congresso Nacional.&nbsp;<\/p>\n\n\n\n<p>No \u00faltimo dia 3,&nbsp;<a href=\"https:\/\/agenciabrasil.ebc.com.br\/justica\/noticia\/2025-01\/dino-suspende-pagamento-de-emendas-ongs-nao-transparentes\" target=\"_blank\" rel=\"noreferrer noopener\">Dino mandou suspender<\/a>&nbsp;nesta-sexta-feira (3) o pagamentos de emendas parlamentares a Organiza\u00e7\u00f5es N\u00e3o Governamentais (ONGs) n\u00e3o transparentes.<\/p>\n\n\n\n<p>Em dezembro, o ministro&nbsp;<a href=\"https:\/\/agenciabrasil.ebc.com.br\/justica\/noticia\/2024-12\/flavio-dino-nega-liberacao-de-emendas-parlamentares-suspensas\" target=\"_blank\" rel=\"noreferrer noopener\">suspendeu o pagamento<\/a>&nbsp;de R$ 4,2 bilh\u00f5es em emendas por entender que os recursos n\u00e3o cumpriram os crit\u00e9rios de transpar\u00eancia e rastreabilidade.<\/p>\n\n\n\n<p>Ele ainda determinou a instaura\u00e7\u00e3o de um inqu\u00e9rito policial para apurar o caso. No \u00faltimo dia do ano (31),&nbsp;<a href=\"https:\/\/agenciabrasil.ebc.com.br\/justica\/noticia\/2024-12\/dino-libera-emendas-da-saude-para-garantir-piso-constitucional\" target=\"_blank\" rel=\"noreferrer noopener\">liberou R$ 370 milh\u00f5es em emendas<\/a>&nbsp;de comiss\u00e3o do Congresso para a sa\u00fade.<br><\/p>\n","protected":false},"excerpt":{"rendered":"<p>Decis\u00e3o considera necessidade presta\u00e7\u00e3o de contas e transpar\u00eancia Por Luiz Claudio Ferreira \u2013 Rep\u00f3rter da<\/p>\n","protected":false},"author":2,"featured_media":97221,"comment_status":"open","ping_status":"open","sticky":false,"template":"","format":"standard","meta":{"footnotes":""},"categories":[17],"tags":[],"class_list":["post-97220","post","type-post","status-publish","format-standard","has-post-thumbnail","hentry","category-outras-noticias"],"_links":{"self":[{"href":"https:\/\/tvc16.com\/portal\/wp-json\/wp\/v2\/posts\/97220","targetHints":{"allow":["GET"]}}],"collection":[{"href":"https:\/\/tvc16.com\/portal\/wp-json\/wp\/v2\/posts"}],"about":[{"href":"https:\/\/tvc16.com\/portal\/wp-json\/wp\/v2\/types\/post"}],"author":[{"embeddable":true,"href":"https:\/\/tvc16.com\/portal\/wp-json\/wp\/v2\/users\/2"}],"replies":[{"embeddable":true,"href":"https:\/\/tvc16.com\/portal\/wp-json\/wp\/v2\/comments?post=97220"}],"version-history":[{"count":1,"href":"https:\/\/tvc16.com\/portal\/wp-json\/wp\/v2\/posts\/97220\/revisions"}],"predecessor-version":[{"id":97222,"href":"https:\/\/tvc16.com\/portal\/wp-json\/wp\/v2\/posts\/97220\/revisions\/97222"}],"wp:featuredmedia":[{"embeddable":true,"href":"https:\/\/tvc16.com\/portal\/wp-json\/wp\/v2\/media\/97221"}],"wp:attachment":[{"href":"https:\/\/tvc16.com\/portal\/wp-json\/wp\/v2\/media?parent=97220"}],"wp:term":[{"taxonomy":"category","embeddable":true,"href":"https:\/\/tvc16.com\/portal\/wp-json\/wp\/v2\/categories?post=97220"},{"taxonomy":"post_tag","embeddable":true,"href":"https:\/\/tvc16.com\/portal\/wp-json\/wp\/v2\/tags?post=97220"}],"curies":[{"name":"wp","href":"https:\/\/api.w.org\/{rel}","templated":true}]}}