{"id":97227,"date":"2025-01-13T11:05:16","date_gmt":"2025-01-13T14:05:16","guid":{"rendered":"https:\/\/tvc16.com\/portal\/?p=97227"},"modified":"2025-01-13T11:05:18","modified_gmt":"2025-01-13T14:05:18","slug":"mprj-leva-nucleos-de-apoio-as-vitimas-para-todo-o-estado","status":"publish","type":"post","link":"https:\/\/tvc16.com\/portal\/2025\/01\/13\/mprj-leva-nucleos-de-apoio-as-vitimas-para-todo-o-estado\/","title":{"rendered":"MPRJ leva N\u00facleos de Apoio \u00e0s V\u00edtimas para todo o estado"},"content":{"rendered":"\n<p>O Minist\u00e9rio P\u00fablico do Estado do Rio de Janeiro (MPRJ), atrav\u00e9s da Coordenadoria de Promo\u00e7\u00e3o dos Direitos das V\u00edtimas (CDV\/MPRJ), est\u00e1 implementando estruturas do N\u00facleo de Apoio \u00e0s V\u00edtimas (NAV\/MPRJ) em todos os Centros Regionais de Apoio Administrativo e Institucional (CRAAIs) do estado.<\/p>\n\n\n\n<p>O objetivo da iniciativa \u00e9 proporcionar, a todos os cidad\u00e3os, o atendimento prestado pelo NAV\/MPRJ, idealizado para garantir apoio humanizado \u00e0s v\u00edtimas de infra\u00e7\u00f5es penais, atos infracionais, desastres naturais, calamidades p\u00fablicas e graves viola\u00e7\u00f5es de Direitos Humanos. Inaugurado em junho de 2023, o NAV\/MPRJ possui, atualmente, estruturas na capital e em Barra do Pira\u00ed em pleno funcionamento.<\/p>\n\n\n\n<p>Todos os outros 13 CRAAIs do MPRJ est\u00e3o capacitados e t\u00eam equipes pr\u00f3prias multidisciplinares para come\u00e7arem a funcionar, a partir de protocolos que est\u00e3o sendo desenvolvidos. Neste momento o NAV da capital est\u00e1 recebendo as demandas da popula\u00e7\u00e3o e as direcionando para os NAVs competentes, at\u00e9 que sejam formadas todas as capilaridades necess\u00e1rias.<\/p>\n\n\n\n<p>Formados por equipes de servidores das \u00e1reas do Direito, Servi\u00e7o Social e Psicologia, os NAVs proporcionam \u00e0s v\u00edtimas um espa\u00e7o espec\u00edfico de apoio e escuta especializada. A estrutura conta com um \u00edcone pr\u00f3prio no portal do MPRJ, por onde a popula\u00e7\u00e3o poder\u00e1 tirar suas d\u00favidas, conhecer seu funcionamento atrav\u00e9s de cartilhas e obter informa\u00e7\u00f5es sobre como acessar o atendimento. Al\u00e9m disso, membros e servidores da Institui\u00e7\u00e3o, e integrantes das redes parceiras, t\u00eam sido capacitados para prestar atendimento, de forma especializada e humanizada, \u00e0s v\u00edtimas que procuram a estrutura.<\/p>\n","protected":false},"excerpt":{"rendered":"<p>O Minist\u00e9rio P\u00fablico do Estado do Rio de Janeiro (MPRJ), atrav\u00e9s da Coordenadoria de Promo\u00e7\u00e3o<\/p>\n","protected":false},"author":2,"featured_media":52531,"comment_status":"open","ping_status":"open","sticky":false,"template":"","format":"standard","meta":{"footnotes":""},"categories":[17],"tags":[],"class_list":["post-97227","post","type-post","status-publish","format-standard","has-post-thumbnail","hentry","category-outras-noticias"],"_links":{"self":[{"href":"https:\/\/tvc16.com\/portal\/wp-json\/wp\/v2\/posts\/97227","targetHints":{"allow":["GET"]}}],"collection":[{"href":"https:\/\/tvc16.com\/portal\/wp-json\/wp\/v2\/posts"}],"about":[{"href":"https:\/\/tvc16.com\/portal\/wp-json\/wp\/v2\/types\/post"}],"author":[{"embeddable":true,"href":"https:\/\/tvc16.com\/portal\/wp-json\/wp\/v2\/users\/2"}],"replies":[{"embeddable":true,"href":"https:\/\/tvc16.com\/portal\/wp-json\/wp\/v2\/comments?post=97227"}],"version-history":[{"count":1,"href":"https:\/\/tvc16.com\/portal\/wp-json\/wp\/v2\/posts\/97227\/revisions"}],"predecessor-version":[{"id":97228,"href":"https:\/\/tvc16.com\/portal\/wp-json\/wp\/v2\/posts\/97227\/revisions\/97228"}],"wp:featuredmedia":[{"embeddable":true,"href":"https:\/\/tvc16.com\/portal\/wp-json\/wp\/v2\/media\/52531"}],"wp:attachment":[{"href":"https:\/\/tvc16.com\/portal\/wp-json\/wp\/v2\/media?parent=97227"}],"wp:term":[{"taxonomy":"category","embeddable":true,"href":"https:\/\/tvc16.com\/portal\/wp-json\/wp\/v2\/categories?post=97227"},{"taxonomy":"post_tag","embeddable":true,"href":"https:\/\/tvc16.com\/portal\/wp-json\/wp\/v2\/tags?post=97227"}],"curies":[{"name":"wp","href":"https:\/\/api.w.org\/{rel}","templated":true}]}}