{"id":97229,"date":"2025-01-13T11:06:59","date_gmt":"2025-01-13T14:06:59","guid":{"rendered":"https:\/\/tvc16.com\/portal\/?p=97229"},"modified":"2025-01-13T11:07:00","modified_gmt":"2025-01-13T14:07:00","slug":"canil-do-corpo-de-bombeiros-recebe-reforco-de-novo-filhote-e-equipamentos-para-atuar-durante-o-periodo-de-chuvas-intensas","status":"publish","type":"post","link":"https:\/\/tvc16.com\/portal\/2025\/01\/13\/canil-do-corpo-de-bombeiros-recebe-reforco-de-novo-filhote-e-equipamentos-para-atuar-durante-o-periodo-de-chuvas-intensas\/","title":{"rendered":"Canil do Corpo de Bombeiros recebe refor\u00e7o de novo filhote e equipamentos para atuar durante o per\u00edodo de chuvas intensas"},"content":{"rendered":"\n<p>As opera\u00e7\u00f5es de busca, resgate e salvamento com c\u00e3es do Corpo de Bombeiros ganharam refor\u00e7os de peso para este Ver\u00e3o. O canil da corpora\u00e7\u00e3o conta hoje com mais um cachorro, da ra\u00e7a Labrador, que vai ser treinado por cerca de um ano e meio para atuar em buscas por pessoas perdidas em trilhas, matas e florestas e por v\u00edtimas de ocorr\u00eancias envolvendo desabamentos e deslizamentos de terra, t\u00edpicas do per\u00edodo de chuvas intensas.&nbsp;<\/p>\n\n\n\n<p>O filhote, de tr\u00eas meses, far\u00e1 parte da tropa de her\u00f3is de quatro patas dos Bombeiros, que atualmente tem 17 integrantes, a maioria certificados nacionalmente, prontos para atuar em apoio a outros estados e tamb\u00e9m no exterior. Mas o faro n\u00e3o ser\u00e1 a \u00fanica ferramenta de trabalho dos especialistas em c\u00e3es. A tecnologia tamb\u00e9m vai ajudar os condutores na miss\u00e3o de salvar vidas. Tr\u00eas coleiras com GPS foram adquiridas para monitorar em tempo real a localiza\u00e7\u00e3o dos animais, proporcionando maior precis\u00e3o nas opera\u00e7\u00f5es em terrenos de dif\u00edcil acesso.<\/p>\n\n\n\n<p>\u2013 Os c\u00e3es t\u00eam se mostrado indispens\u00e1veis para o sucesso das miss\u00f5es. Sua capacidade olfativa e destreza s\u00e3o incompar\u00e1veis \u00e0s dos seres humanos. O monitoramento constante por GPS minimiza riscos e potencializa o desempenho da nossa tropa canina. \u00c9 um dispositivo altamente eficiente, com uma bateria de longa dura\u00e7\u00e3o e resist\u00eancia a condi\u00e7\u00f5es adversas, essenciais para o trabalho em campo \u2013 afirmou o secret\u00e1rio de Defesa Civil e comandante-geral dos Bombeiros, coronel Tarciso Salles.&nbsp;<\/p>\n\n\n\n<p>Al\u00e9m disso, a unidade recebeu duas viaturas novas de transporte de animais, espa\u00e7os climatizados, projetados para garantir o bem-estar dos c\u00e3es nas opera\u00e7\u00f5es, especialmente em cen\u00e1rios extremos, evitando estresse t\u00e9rmico e garantindo que permane\u00e7am em plena capacidade f\u00edsica durante as miss\u00f5es. Os ve\u00edculos tamb\u00e9m s\u00e3o equipados com tra\u00e7\u00e3o 4&#215;4, permitindo o acesso a \u00e1reas com terrenos acidentados e alagados, como montanhas, vales e zonas de risco elevado, proporcionando maior mobilidade e efici\u00eancia \u00e0s equipes.&nbsp;<\/p>\n\n\n\n<p>O Canil do Corpo de Bombeiros do Rio tamb\u00e9m \u00e9 o primeiro e \u00fanico do pa\u00eds a contar com um Centro Cir\u00fargico para tratamento dos her\u00f3is de quatro patas.<\/p>\n","protected":false},"excerpt":{"rendered":"<p>As opera\u00e7\u00f5es de busca, resgate e salvamento com c\u00e3es do Corpo de Bombeiros ganharam refor\u00e7os<\/p>\n","protected":false},"author":2,"featured_media":97230,"comment_status":"open","ping_status":"open","sticky":false,"template":"","format":"standard","meta":{"footnotes":""},"categories":[17],"tags":[],"class_list":["post-97229","post","type-post","status-publish","format-standard","has-post-thumbnail","hentry","category-outras-noticias"],"_links":{"self":[{"href":"https:\/\/tvc16.com\/portal\/wp-json\/wp\/v2\/posts\/97229","targetHints":{"allow":["GET"]}}],"collection":[{"href":"https:\/\/tvc16.com\/portal\/wp-json\/wp\/v2\/posts"}],"about":[{"href":"https:\/\/tvc16.com\/portal\/wp-json\/wp\/v2\/types\/post"}],"author":[{"embeddable":true,"href":"https:\/\/tvc16.com\/portal\/wp-json\/wp\/v2\/users\/2"}],"replies":[{"embeddable":true,"href":"https:\/\/tvc16.com\/portal\/wp-json\/wp\/v2\/comments?post=97229"}],"version-history":[{"count":1,"href":"https:\/\/tvc16.com\/portal\/wp-json\/wp\/v2\/posts\/97229\/revisions"}],"predecessor-version":[{"id":97231,"href":"https:\/\/tvc16.com\/portal\/wp-json\/wp\/v2\/posts\/97229\/revisions\/97231"}],"wp:featuredmedia":[{"embeddable":true,"href":"https:\/\/tvc16.com\/portal\/wp-json\/wp\/v2\/media\/97230"}],"wp:attachment":[{"href":"https:\/\/tvc16.com\/portal\/wp-json\/wp\/v2\/media?parent=97229"}],"wp:term":[{"taxonomy":"category","embeddable":true,"href":"https:\/\/tvc16.com\/portal\/wp-json\/wp\/v2\/categories?post=97229"},{"taxonomy":"post_tag","embeddable":true,"href":"https:\/\/tvc16.com\/portal\/wp-json\/wp\/v2\/tags?post=97229"}],"curies":[{"name":"wp","href":"https:\/\/api.w.org\/{rel}","templated":true}]}}