{"id":97232,"date":"2025-01-13T11:10:10","date_gmt":"2025-01-13T14:10:10","guid":{"rendered":"https:\/\/tvc16.com\/portal\/?p=97232"},"modified":"2025-01-13T11:10:12","modified_gmt":"2025-01-13T14:10:12","slug":"secretarias-de-educacao-e-de-defesa-civil-realizam-vistoria-na-escola-prof-sylvio-amaral-dos-santos","status":"publish","type":"post","link":"https:\/\/tvc16.com\/portal\/2025\/01\/13\/secretarias-de-educacao-e-de-defesa-civil-realizam-vistoria-na-escola-prof-sylvio-amaral-dos-santos\/","title":{"rendered":"Secretarias de Educa\u00e7\u00e3o e de Defesa Civil realizam vistoria na Escola Prof. Sylvio Amaral dos Santos"},"content":{"rendered":"\n<p><em>Objetivo foi avaliar a parte da \u00e1rea externa interditada para definir medidas para<\/em><em>&nbsp;retorno das aulas, dia 5\/02, com seguran\u00e7a<\/em><\/p>\n\n\n\n<p>Equipes t\u00e9cnicas das Secretarias de Educa\u00e7\u00e3o e de Defesa Civil&nbsp;fizeram uma vistoria na Escola Municipal&nbsp;Prof. Sylvio Amaral dos Santos, na Granja Guarani, na \u00faltima sexta-feira, 10\/01.&nbsp;O objetivo foi avaliar a parte da \u00e1rea externa interditada (p\u00e1tio e muro dos fundos) para definir quais medidas ser\u00e3o tomadas&nbsp; para&nbsp;retorno das aulas, dia 5\/02, com seguran\u00e7apara equipe escolar e alunos.&nbsp;<\/p>\n\n\n\n<p>A secret\u00e1ria de Defesa Civil,&nbsp;Tenente Coronel Mariana Antunes, e o subsecret\u00e1rio de Educa\u00e7\u00e3o, Jos\u00e9 Nildo, acompanhados das respectivas equipes t\u00e9cnicas, foram recebidos pela diretora da escola, Priscila Saurin.<\/p>\n\n\n\n<p>\u201cAs equipes foram \u00e0 unidade para fazer uma vistoria a fim de constatar qual \u00e9 a situa\u00e7\u00e3o da \u00e1rea interditada e levantar as necessidades do pr\u00e9dio em geral para que possamos tomar as provid\u00eancias e a escola funcionar normalmente a partir do dia 5 de fevereiro\u201d, explicou a Secret\u00e1ria de Educa\u00e7\u00e3o, Carla Rabello.<\/p>\n\n\n\n<p>A Escola Prof. Sylvio Amaral dos Santos atende 120 alunos, do 1\u00ba ao 5\u00ba ano do Ensino Fundamental.<\/p>\n","protected":false},"excerpt":{"rendered":"<p>Objetivo foi avaliar a parte da \u00e1rea externa interditada para definir medidas para&nbsp;retorno das aulas,<\/p>\n","protected":false},"author":2,"featured_media":97233,"comment_status":"open","ping_status":"open","sticky":false,"template":"","format":"standard","meta":{"footnotes":""},"categories":[17],"tags":[],"class_list":["post-97232","post","type-post","status-publish","format-standard","has-post-thumbnail","hentry","category-outras-noticias"],"_links":{"self":[{"href":"https:\/\/tvc16.com\/portal\/wp-json\/wp\/v2\/posts\/97232","targetHints":{"allow":["GET"]}}],"collection":[{"href":"https:\/\/tvc16.com\/portal\/wp-json\/wp\/v2\/posts"}],"about":[{"href":"https:\/\/tvc16.com\/portal\/wp-json\/wp\/v2\/types\/post"}],"author":[{"embeddable":true,"href":"https:\/\/tvc16.com\/portal\/wp-json\/wp\/v2\/users\/2"}],"replies":[{"embeddable":true,"href":"https:\/\/tvc16.com\/portal\/wp-json\/wp\/v2\/comments?post=97232"}],"version-history":[{"count":1,"href":"https:\/\/tvc16.com\/portal\/wp-json\/wp\/v2\/posts\/97232\/revisions"}],"predecessor-version":[{"id":97234,"href":"https:\/\/tvc16.com\/portal\/wp-json\/wp\/v2\/posts\/97232\/revisions\/97234"}],"wp:featuredmedia":[{"embeddable":true,"href":"https:\/\/tvc16.com\/portal\/wp-json\/wp\/v2\/media\/97233"}],"wp:attachment":[{"href":"https:\/\/tvc16.com\/portal\/wp-json\/wp\/v2\/media?parent=97232"}],"wp:term":[{"taxonomy":"category","embeddable":true,"href":"https:\/\/tvc16.com\/portal\/wp-json\/wp\/v2\/categories?post=97232"},{"taxonomy":"post_tag","embeddable":true,"href":"https:\/\/tvc16.com\/portal\/wp-json\/wp\/v2\/tags?post=97232"}],"curies":[{"name":"wp","href":"https:\/\/api.w.org\/{rel}","templated":true}]}}