{"id":97235,"date":"2025-01-13T11:13:07","date_gmt":"2025-01-13T14:13:07","guid":{"rendered":"https:\/\/tvc16.com\/portal\/?p=97235"},"modified":"2025-01-13T11:13:10","modified_gmt":"2025-01-13T14:13:10","slug":"resultados-do-enem-2024-ja-estao-disponiveis-na-pagina-do-participante","status":"publish","type":"post","link":"https:\/\/tvc16.com\/portal\/2025\/01\/13\/resultados-do-enem-2024-ja-estao-disponiveis-na-pagina-do-participante\/","title":{"rendered":"Resultados do Enem 2024 j\u00e1 est\u00e3o dispon\u00edveis na P\u00e1gina do Participante"},"content":{"rendered":"\n<p><em>Provas foram realizadas em 3 e 10 de novembro do ano passado<\/em><\/p>\n\n\n\n<p>Por Paula Laboissi\u00e8re \u2013 Rep\u00f3rter da Ag\u00eancia Brasil \/ Foto: Paulo Pinto\/Ag\u00eancia Brasil<\/p>\n\n\n\n<p><\/p>\n\n\n\n<p>Os resultados do Exame Nacional do Ensino M\u00e9dio (Enem) 2024 foram divulgados na manh\u00e3 desta segunda-feira (13) e podem ser acessados de forma individual por meio da&nbsp;<a href=\"https:\/\/enem.inep.gov.br\/participante\/#!\/\" target=\"_blank\" rel=\"noreferrer noopener\">P\u00e1gina do Participante<\/a>. O usu\u00e1rio deve utilizar o login do Gov.br, com CPF e senha.<img decoding=\"async\" src=\"https:\/\/agenciabrasil.ebc.com.br\/ebc.png?id=1626645&amp;o=node\"><img decoding=\"async\" src=\"https:\/\/agenciabrasil.ebc.com.br\/ebc.gif?id=1626645&amp;o=node\"><\/p>\n\n\n\n<p>Ap\u00f3s a divulga\u00e7\u00e3o das notas, o site do Instituto Nacional de Estudos e Pesquisas Educacionais An\u00edsio Teixeira (Inep), do Minist\u00e9rio da Educa\u00e7\u00e3o, respons\u00e1vel pela realiza\u00e7\u00e3o do exame, apresenta instabilidade.<\/p>\n\n\n\n<p>Ao todo,&nbsp;<a href=\"https:\/\/agenciabrasil.ebc.com.br\/educacao\/noticia\/2024-10\/enem-2024-numero-de-inscritos-supera-em-10-total-de-2023\" target=\"_blank\" rel=\"noreferrer noopener\">4,3 milh\u00f5es de pessoas<\/a>&nbsp;se inscreveram para as provas, que foram aplicadas em 3 e 10 de novembro do ano passado.<\/p>\n\n\n\n<h2 class=\"wp-block-heading\">Enem<\/h2>\n\n\n\n<p>O Exame Nacional do Ensino M\u00e9dio avalia o desempenho escolar dos estudantes ao t\u00e9rmino da educa\u00e7\u00e3o b\u00e1sica. Ao longo de mais de duas d\u00e9cadas de exist\u00eancia, tornou-se a principal porta de entrada para a educa\u00e7\u00e3o superior no Brasil, por meio do Sistema de Sele\u00e7\u00e3o Unificada (Sisu) e de iniciativas como o Programa Universidade para Todos (Prouni).<\/p>\n\n\n\n<p>Institui\u00e7\u00f5es de ensino p\u00fablicas e privadas utilizam o Enem para selecionar estudantes. Os resultados s\u00e3o utilizados como crit\u00e9rio \u00fanico ou complementar dos processos seletivos, al\u00e9m de servirem de par\u00e2metro para acesso a aux\u00edlios governamentais, como o proporcionado pelo Fundo de Financiamento Estudantil (Fies).<\/p>\n\n\n\n<p>Os resultados individuais do Enem tamb\u00e9m podem ser aproveitados nos processos seletivos de institui\u00e7\u00f5es portuguesas que possuem conv\u00eanio com o Inep para aceitar as notas do exame. Os acordos garantem acesso facilitado \u00e0s notas dos estudantes brasileiros interessados em cursar a educa\u00e7\u00e3o superior em Portugal.<\/p>\n","protected":false},"excerpt":{"rendered":"<p>Provas foram realizadas em 3 e 10 de novembro do ano passado Por Paula Laboissi\u00e8re<\/p>\n","protected":false},"author":2,"featured_media":97236,"comment_status":"open","ping_status":"open","sticky":false,"template":"","format":"standard","meta":{"footnotes":""},"categories":[17],"tags":[],"class_list":["post-97235","post","type-post","status-publish","format-standard","has-post-thumbnail","hentry","category-outras-noticias"],"_links":{"self":[{"href":"https:\/\/tvc16.com\/portal\/wp-json\/wp\/v2\/posts\/97235","targetHints":{"allow":["GET"]}}],"collection":[{"href":"https:\/\/tvc16.com\/portal\/wp-json\/wp\/v2\/posts"}],"about":[{"href":"https:\/\/tvc16.com\/portal\/wp-json\/wp\/v2\/types\/post"}],"author":[{"embeddable":true,"href":"https:\/\/tvc16.com\/portal\/wp-json\/wp\/v2\/users\/2"}],"replies":[{"embeddable":true,"href":"https:\/\/tvc16.com\/portal\/wp-json\/wp\/v2\/comments?post=97235"}],"version-history":[{"count":1,"href":"https:\/\/tvc16.com\/portal\/wp-json\/wp\/v2\/posts\/97235\/revisions"}],"predecessor-version":[{"id":97237,"href":"https:\/\/tvc16.com\/portal\/wp-json\/wp\/v2\/posts\/97235\/revisions\/97237"}],"wp:featuredmedia":[{"embeddable":true,"href":"https:\/\/tvc16.com\/portal\/wp-json\/wp\/v2\/media\/97236"}],"wp:attachment":[{"href":"https:\/\/tvc16.com\/portal\/wp-json\/wp\/v2\/media?parent=97235"}],"wp:term":[{"taxonomy":"category","embeddable":true,"href":"https:\/\/tvc16.com\/portal\/wp-json\/wp\/v2\/categories?post=97235"},{"taxonomy":"post_tag","embeddable":true,"href":"https:\/\/tvc16.com\/portal\/wp-json\/wp\/v2\/tags?post=97235"}],"curies":[{"name":"wp","href":"https:\/\/api.w.org\/{rel}","templated":true}]}}