{"id":97244,"date":"2025-01-13T13:30:53","date_gmt":"2025-01-13T16:30:53","guid":{"rendered":"https:\/\/tvc16.com\/portal\/?p=97244"},"modified":"2025-01-13T13:30:55","modified_gmt":"2025-01-13T16:30:55","slug":"limpa-rio-margens-prefeitura-de-teresopolis-e-inea-realizam-levantamento-topografico-das-pracas-que-serao-revitalizadas-pelo-programa","status":"publish","type":"post","link":"https:\/\/tvc16.com\/portal\/2025\/01\/13\/limpa-rio-margens-prefeitura-de-teresopolis-e-inea-realizam-levantamento-topografico-das-pracas-que-serao-revitalizadas-pelo-programa\/","title":{"rendered":"\u2018Limpa Rio Margens\u2019: Prefeitura de Teres\u00f3polis e INEA realizam levantamento topogr\u00e1fico das pra\u00e7as que ser\u00e3o revitalizadas pelo programa"},"content":{"rendered":"\n<p>Nesta segunda-feira, dia 13, representantes da Prefeitura e do Instituto Estadual do Ambiente (INEA) realizaram o levantamento topogr\u00e1fico das pra\u00e7as Juscelino Kubitschek, localizada ao lado da Casa de Cultura Adolpho Bloch, em Araras, e da Pra\u00e7a Ilha do Caxang\u00e1, no Caxang\u00e1, marcando o in\u00edcio das obras de revitaliza\u00e7\u00e3o. Esses espa\u00e7os foram contemplados por meio do programa estadual \u2018Limpa Rio Margens\u2019.<\/p>\n\n\n\n<p>Com a finalidade de recuperar e preservar os espa\u00e7os p\u00fablicos \u00e0s margens de rios, o projeto busca criar \u00e1reas de lazer e de atividade f\u00edsica, al\u00e9m de proteger as margens. Seu objetivo \u00e9 promover o bem-estar e a conviv\u00eancia socioambiental dos moradores, incentivando a pr\u00e1tica de esportes, estimulando o lazer e conscientizando a popula\u00e7\u00e3o sobre a import\u00e2ncia da preserva\u00e7\u00e3o ambiental. O programa \u00e9 coordenado pela Secretaria de Estado do Ambiente e Sustentabilidade, sob o comando do secret\u00e1rio estadual Bernardo Rossi.<\/p>\n\n\n\n<p>\u201cEssa parceria entre estado, munic\u00edpio e \u00c1guas da Imperatriz \u00e9 crucial neste momento. Iremos iniciar a revitaliza\u00e7\u00e3o das pra\u00e7as da Casa de Cultura Adolpho Bloch e da Ilha do Caxang\u00e1, e \u00e9 fundamental que o projeto de esgotamento sanit\u00e1rio esteja integrado a esse trabalho. Com a reestrutura\u00e7\u00e3o e constru\u00e7\u00e3o de espa\u00e7os p\u00fablicos, localizados nas margens dos rios, estamos proporcionando mais lazer para a popula\u00e7\u00e3o e a integra\u00e7\u00e3o das comunidades, permitindo que as fam\u00edlias possam desfrutar de um ambiente acolhedor e seguro\u201d, destacou o secret\u00e1rio municipal de Meio Ambiente, Coronel Leonardo Maia, acompanhado do vereador Cacau Rep\u00f3rter.<\/p>\n\n\n\n<p>A equipe da Concession\u00e1ria \u00c1guas da Imperatriz esteve presente na a\u00e7\u00e3o, contando com a participa\u00e7\u00e3o de Jo\u00e3o Luiz (consultor), Neylton Maluf (gerente) e Jean Buffolo (coordenador), que fornecer\u00e3o todo o suporte t\u00e9cnico necess\u00e1rio para integrar o projeto de esgotamento sanit\u00e1rio \u00e0 revitaliza\u00e7\u00e3o das pra\u00e7as. Representantes de empresa contratada pelo INEA tamb\u00e9m estiveram presentes.<\/p>\n\n\n\n<p>O Coronel Maia concluiu sua fala enfatizando que descartar lixo em lugares impr\u00f3prios torna mais dif\u00edcil a atua\u00e7\u00e3o do poder p\u00fablico. \u201cA contribui\u00e7\u00e3o da comunidade, ciente de sua responsabilidade em n\u00e3o jogar lixo em locais inadequados, \u00e9 essencial para alcan\u00e7ar resultados satisfat\u00f3rios na realiza\u00e7\u00e3o do trabalho. A recupera\u00e7\u00e3o total da \u00e1rea requer um esfor\u00e7o conjunto entre os cidad\u00e3os e a prefeitura, assegurando que todos possam usufruir dos espa\u00e7os p\u00fablicos com qualidade de vida\u201d, finalizou Maia.<\/p>\n\n\n\n<p><strong>Fotos: Jonathan Martins.<\/strong><\/p>\n","protected":false},"excerpt":{"rendered":"<p>Nesta segunda-feira, dia 13, representantes da Prefeitura e do Instituto Estadual do Ambiente (INEA) realizaram<\/p>\n","protected":false},"author":2,"featured_media":97245,"comment_status":"open","ping_status":"open","sticky":false,"template":"","format":"standard","meta":{"footnotes":""},"categories":[17],"tags":[],"class_list":["post-97244","post","type-post","status-publish","format-standard","has-post-thumbnail","hentry","category-outras-noticias"],"_links":{"self":[{"href":"https:\/\/tvc16.com\/portal\/wp-json\/wp\/v2\/posts\/97244","targetHints":{"allow":["GET"]}}],"collection":[{"href":"https:\/\/tvc16.com\/portal\/wp-json\/wp\/v2\/posts"}],"about":[{"href":"https:\/\/tvc16.com\/portal\/wp-json\/wp\/v2\/types\/post"}],"author":[{"embeddable":true,"href":"https:\/\/tvc16.com\/portal\/wp-json\/wp\/v2\/users\/2"}],"replies":[{"embeddable":true,"href":"https:\/\/tvc16.com\/portal\/wp-json\/wp\/v2\/comments?post=97244"}],"version-history":[{"count":1,"href":"https:\/\/tvc16.com\/portal\/wp-json\/wp\/v2\/posts\/97244\/revisions"}],"predecessor-version":[{"id":97246,"href":"https:\/\/tvc16.com\/portal\/wp-json\/wp\/v2\/posts\/97244\/revisions\/97246"}],"wp:featuredmedia":[{"embeddable":true,"href":"https:\/\/tvc16.com\/portal\/wp-json\/wp\/v2\/media\/97245"}],"wp:attachment":[{"href":"https:\/\/tvc16.com\/portal\/wp-json\/wp\/v2\/media?parent=97244"}],"wp:term":[{"taxonomy":"category","embeddable":true,"href":"https:\/\/tvc16.com\/portal\/wp-json\/wp\/v2\/categories?post=97244"},{"taxonomy":"post_tag","embeddable":true,"href":"https:\/\/tvc16.com\/portal\/wp-json\/wp\/v2\/tags?post=97244"}],"curies":[{"name":"wp","href":"https:\/\/api.w.org\/{rel}","templated":true}]}}