{"id":97247,"date":"2025-01-13T13:48:21","date_gmt":"2025-01-13T16:48:21","guid":{"rendered":"https:\/\/tvc16.com\/portal\/?p=97247"},"modified":"2025-01-13T13:48:24","modified_gmt":"2025-01-13T16:48:24","slug":"aprender-libras-e-um-passo-essencial-para-a-inclusao-social","status":"publish","type":"post","link":"https:\/\/tvc16.com\/portal\/2025\/01\/13\/aprender-libras-e-um-passo-essencial-para-a-inclusao-social\/","title":{"rendered":"Aprender Libras \u00e9 um passo essencial para a inclus\u00e3o social"},"content":{"rendered":"\n<p>Em Petr\u00f3polis, aproximadamente 14 mil pessoas se declararam surdas ou deficientes auditivas, de acordo com o \u00faltimo censo do Instituto Brasileiro de Geografia e Estat\u00edstica (IBGE), e para esse p\u00fablico a L\u00edngua Brasileira de Sinais (Libras) \u00e9 essencial para a comunica\u00e7\u00e3o e integra\u00e7\u00e3o social. Essa l\u00edngua foi reconhecida oficialmente no Brasil em 2002 e desempenha um papel crucial ao promover a comunica\u00e7\u00e3o ajudando as pessoas surdas a participarem plenamente da sociedade.<\/p>\n\n\n\n<p>&#8220;As pessoas acham, equivocadamente, que a Libras \u00e9 uma segunda l\u00edngua, quando na verdade, ela \u00e9 uma l\u00edngua oficial do Brasil, assim como \u00e9 o Portugu\u00eas. Todo mundo, em algum momento, vai acabar lidando com algum deficiente auditivo. Essa acessibilidade comunicacional \u00e9 fundamental para um atendimento de equidade da comunidade surda&#8221;, explicou Cl\u00e9via Sies, professora de Libras da UNIFASE\/FMP.<\/p>\n\n\n\n<p>De acordo com a Federa\u00e7\u00e3o Mundial dos Surdos (WFD), 80% das pessoas surdas no mundo enfrentam dificuldades para compreender as l\u00ednguas escritas. Isso refor\u00e7a a import\u00e2ncia da Libras como um instrumento para o acesso \u00e0 informa\u00e7\u00e3o e a participa\u00e7\u00e3o social. No Brasil, a aus\u00eancia de acessibilidade comunicacional limita as oportunidades de autonomia e integra\u00e7\u00e3o de milh\u00f5es de cidad\u00e3os.<\/p>\n\n\n\n<p>&#8220;Muitas vezes o surdo n\u00e3o compreende o portugu\u00eas e algumas pessoas acham que \u00e9 s\u00f3 parar na frente do surdo que ele vai fazer a leitura labial, e n\u00e3o \u00e9 isso! A l\u00edngua portuguesa \u00e9 a segunda l\u00edngua para ele, ent\u00e3o a gente tem comprovadamente uma baixa compreens\u00e3o da l\u00edngua portuguesa de forma eficaz&#8221;, ressaltou a professora.<\/p>\n\n\n\n<p>Investir no aprendizado e na difus\u00e3o da Libras \u00e9 um importante passo para a inclus\u00e3o e para a constru\u00e7\u00e3o de uma sociedade mais justa, nesse sentido, a UNIFASE\/FMP est\u00e1 com as inscri\u00e7\u00f5es abertas para dois cursos de Libras, de aperfei\u00e7oamento e extens\u00e3o.<\/p>\n\n\n\n<p>&#8220;Nesse curso o aluno vai sair fluente na L\u00edngua Brasileira de Sinais. O curso tem dura\u00e7\u00e3o de 10 meses e vai do n\u00edvel b\u00e1sico ao intermedi\u00e1rio. As aulas ser\u00e3o h\u00edbridas, ministradas no campus Bar\u00e3o e tamb\u00e9m ass\u00edncronas pela internet. Ser\u00e3o dois cursos, um de extens\u00e3o com carga hor\u00e1ria de 150 horas e um de aperfei\u00e7oamento, com 180 horas. Um diferencial do curso ser\u00e3o os m\u00f3dulos espec\u00edficos de sinais para v\u00e1rias \u00e1reas do conhecimento, de acordo com a demanda dos alunos, assim ap\u00f3s o curso eles estar\u00e3o aptos para um atendimento com equidade para a comunidade surda. Esse diferencial s\u00f3 temos na UNIFASE\/FMP&#8221;, acrescentou Cl\u00e9via.<\/p>\n\n\n\n<p>As inscri\u00e7\u00f5es est\u00e3o abertas e podem ser realizadas pelo site da institui\u00e7\u00e3o: https:\/\/www.unifase-rj.edu.br\/. Acesse Aperfei\u00e7oamento ou Extens\u00e3o para garantir sua vaga. O curso de Aperfei\u00e7oamento \u00e9 destinado a graduados de todas as \u00e1reas, enquanto o de Extens\u00e3o \u00e9 voltado para alunos de gradua\u00e7\u00e3o, profissionais de diversas \u00e1reas e pessoas com forma\u00e7\u00e3o no Ensino M\u00e9dio (comunidade em geral).<\/p>\n\n\n\n<p>Foto: divulga\u00e7\u00e3o <\/p>\n","protected":false},"excerpt":{"rendered":"<p>Em Petr\u00f3polis, aproximadamente 14 mil pessoas se declararam surdas ou deficientes auditivas, de acordo com<\/p>\n","protected":false},"author":2,"featured_media":97248,"comment_status":"open","ping_status":"open","sticky":false,"template":"","format":"standard","meta":{"footnotes":""},"categories":[12],"tags":[],"class_list":["post-97247","post","type-post","status-publish","format-standard","has-post-thumbnail","hentry","category-cidade"],"_links":{"self":[{"href":"https:\/\/tvc16.com\/portal\/wp-json\/wp\/v2\/posts\/97247","targetHints":{"allow":["GET"]}}],"collection":[{"href":"https:\/\/tvc16.com\/portal\/wp-json\/wp\/v2\/posts"}],"about":[{"href":"https:\/\/tvc16.com\/portal\/wp-json\/wp\/v2\/types\/post"}],"author":[{"embeddable":true,"href":"https:\/\/tvc16.com\/portal\/wp-json\/wp\/v2\/users\/2"}],"replies":[{"embeddable":true,"href":"https:\/\/tvc16.com\/portal\/wp-json\/wp\/v2\/comments?post=97247"}],"version-history":[{"count":1,"href":"https:\/\/tvc16.com\/portal\/wp-json\/wp\/v2\/posts\/97247\/revisions"}],"predecessor-version":[{"id":97249,"href":"https:\/\/tvc16.com\/portal\/wp-json\/wp\/v2\/posts\/97247\/revisions\/97249"}],"wp:featuredmedia":[{"embeddable":true,"href":"https:\/\/tvc16.com\/portal\/wp-json\/wp\/v2\/media\/97248"}],"wp:attachment":[{"href":"https:\/\/tvc16.com\/portal\/wp-json\/wp\/v2\/media?parent=97247"}],"wp:term":[{"taxonomy":"category","embeddable":true,"href":"https:\/\/tvc16.com\/portal\/wp-json\/wp\/v2\/categories?post=97247"},{"taxonomy":"post_tag","embeddable":true,"href":"https:\/\/tvc16.com\/portal\/wp-json\/wp\/v2\/tags?post=97247"}],"curies":[{"name":"wp","href":"https:\/\/api.w.org\/{rel}","templated":true}]}}