{"id":97250,"date":"2025-01-13T13:51:51","date_gmt":"2025-01-13T16:51:51","guid":{"rendered":"https:\/\/tvc16.com\/portal\/?p=97250"},"modified":"2025-01-13T13:51:53","modified_gmt":"2025-01-13T16:51:53","slug":"balcao-de-empregos-da-prefeitura-oferece-mais-56-vagas-para-esta-semana","status":"publish","type":"post","link":"https:\/\/tvc16.com\/portal\/2025\/01\/13\/balcao-de-empregos-da-prefeitura-oferece-mais-56-vagas-para-esta-semana\/","title":{"rendered":"Balc\u00e3o de Empregos da Prefeitura oferece mais 56 vagas para esta semana"},"content":{"rendered":"\n<p>A Prefeitura de Petr\u00f3polis est\u00e1 oferecendo, em seu Balc\u00e3o de Empregos, mais 56 oportunidades de trabalho em empresas do munic\u00edpio. Para participar dos processos de sele\u00e7\u00e3o, os candidatos devem fazer o cadastramento de seus curr\u00edculos no site da Prefeitura (https:\/\/www.petropolis.rj.gov.br) entre segunda-feira (13) a sexta-feira (17).<\/p>\n\n\n\n<p>S\u00e3o mais de 20 oportunidades de primeiro emprego, em vagas para: Armador de Estruturas de Concreto Armado, Auxiliar de limpeza, Auxiliar de Servi\u00e7os Gerais, Embalador, Estofador de M\u00f3veis, Pedreiro e Servente de Obras.<\/p>\n\n\n\n<p>O Balc\u00e3o desta semana, tamb\u00e9m conta com nove vagas destinadas a Pessoas com Defici\u00eancia, entre os cargos de: Auxiliar Administrativo, Auxiliar de Limpeza, Lavador de Ve\u00edculos e Limpador.<\/p>\n\n\n\n<p>Veja todas as oportunidades desta semana:<\/p>\n\n\n\n<p>Armador de Estruturas de Concreto Armado &#8211; Ensino Fundamental &#8211; 1 vaga<\/p>\n\n\n\n<p>Atendente &#8211; Ensino M\u00e9dio \/ Experi\u00eancia na fun\u00e7\u00e3o &#8211; 1 vaga<\/p>\n\n\n\n<p>Auxiliar de Limpeza &#8211; Ensino fundamental &#8211; 15 vagas<\/p>\n\n\n\n<p>Auxiliar de Limpeza &#8211; Ensino Fundamental \/ Experi\u00eancia na fun\u00e7\u00e3o &#8211; 2 vagas<\/p>\n\n\n\n<p>Auxiliar de Servi\u00e7os Gerais &#8211; Ensino Fundamental \/ Experi\u00eancia na fun\u00e7\u00e3o &#8211; 1 vaga<\/p>\n\n\n\n<p>Auxiliar de Servi\u00e7os Gerais &#8211; Ensino Fundamental &#8211; 1 vaga<\/p>\n\n\n\n<p>Cortador \u00e0 Tesoura &#8211; Ensino M\u00e9dio \/ Experi\u00eancia na fun\u00e7\u00e3o &#8211; 1 vaga<\/p>\n\n\n\n<p>Costureira Retista &#8211; Ensino M\u00e9dio \/ Experi\u00eancia de 2 anos na fun\u00e7\u00e3o &#8211; 2 vagas<\/p>\n\n\n\n<p>Embalador &#8211; Ensino M\u00e9dio &#8211; 1 vaga<\/p>\n\n\n\n<p>Estofador de M\u00f3veis &#8211; Ensino M\u00e9dio &#8211; 2 vagas<\/p>\n\n\n\n<p>Limpador &#8211; Ensino Fundamental \/ Experi\u00eancia de 1 ano na Fun\u00e7\u00e3o &#8211; 4 vagas<\/p>\n\n\n\n<p>Marceneiro &#8211; Ensino M\u00e9dio \/ Experi\u00eancia na fun\u00e7\u00e3o &#8211; 2 vagas<\/p>\n\n\n\n<p>Operador de M\u00e1quina de Usinagem Madeira &#8211; Ensino M\u00e9dio \/ Experi\u00eancia na fun\u00e7\u00e3o &#8211; 2 vagas<\/p>\n\n\n\n<p>Pedreiro &#8211; Ensino Fundamental &#8211; 5 vagas<\/p>\n\n\n\n<p>Pintor &#8211; Ensino Fundamental\/ Curso espec\u00edfico na \u00e1rea\/ Experi\u00eancia na fun\u00e7\u00e3o &#8211; 3 vagas<\/p>\n\n\n\n<p>Serralheiro &#8211; Ensino Fundamental \/ Cursos espec\u00edficos na \u00e1rea \/ Experi\u00eancia de 2 anos na fun\u00e7\u00e3o &#8211; 1 vaga<\/p>\n\n\n\n<p>Servente de Obras &#8211; Ensino Fundamental &#8211; 2 vagas<\/p>\n\n\n\n<p>Supervisor de Marcenaria &#8211; Experi\u00eancia na fun\u00e7\u00e3o &#8211; 1 vaga<\/p>\n\n\n\n<p>Auxiliar administrativo (Pessoa com Defici\u00eancia) &#8211; Ensino Fundamental\/ Possuir laudo que comprove defici\u00eancia que permita a realiza\u00e7\u00e3o das atividades com seguran\u00e7a &#8211; 2 vagas<\/p>\n\n\n\n<p>Auxiliar de Limpeza (Pessoa com Defici\u00eancia) &#8211; Ensino Fundamental\/ Possuir laudo que comprove defici\u00eancia que permita a realiza\u00e7\u00e3o das atividades com seguran\u00e7a &#8211; 2 vagas<\/p>\n\n\n\n<p>Lavador de ve\u00edculos (Pessoa com Defici\u00eancia) &#8211; Ensino Fundamental\/ Possuir laudo que comprove defici\u00eancia que permita a realiza\u00e7\u00e3o das atividades com seguran\u00e7a &#8211; 1 vaga<\/p>\n\n\n\n<p>Limpador (Pessoa com Defici\u00eancia) &#8211; Ensino Fundamental \/ Possuir laudo que comprove defici\u00eancia que permita a realiza\u00e7\u00e3o das atividades com seguran\u00e7a &#8211; 4 vagas<\/p>\n\n\n\n<p>Foto: Ag\u00eancia Brasil<\/p>\n","protected":false},"excerpt":{"rendered":"<p>A Prefeitura de Petr\u00f3polis est\u00e1 oferecendo, em seu Balc\u00e3o de Empregos, mais 56 oportunidades de<\/p>\n","protected":false},"author":2,"featured_media":74835,"comment_status":"open","ping_status":"open","sticky":false,"template":"","format":"standard","meta":{"footnotes":""},"categories":[12],"tags":[],"class_list":["post-97250","post","type-post","status-publish","format-standard","has-post-thumbnail","hentry","category-cidade"],"_links":{"self":[{"href":"https:\/\/tvc16.com\/portal\/wp-json\/wp\/v2\/posts\/97250","targetHints":{"allow":["GET"]}}],"collection":[{"href":"https:\/\/tvc16.com\/portal\/wp-json\/wp\/v2\/posts"}],"about":[{"href":"https:\/\/tvc16.com\/portal\/wp-json\/wp\/v2\/types\/post"}],"author":[{"embeddable":true,"href":"https:\/\/tvc16.com\/portal\/wp-json\/wp\/v2\/users\/2"}],"replies":[{"embeddable":true,"href":"https:\/\/tvc16.com\/portal\/wp-json\/wp\/v2\/comments?post=97250"}],"version-history":[{"count":1,"href":"https:\/\/tvc16.com\/portal\/wp-json\/wp\/v2\/posts\/97250\/revisions"}],"predecessor-version":[{"id":97251,"href":"https:\/\/tvc16.com\/portal\/wp-json\/wp\/v2\/posts\/97250\/revisions\/97251"}],"wp:featuredmedia":[{"embeddable":true,"href":"https:\/\/tvc16.com\/portal\/wp-json\/wp\/v2\/media\/74835"}],"wp:attachment":[{"href":"https:\/\/tvc16.com\/portal\/wp-json\/wp\/v2\/media?parent=97250"}],"wp:term":[{"taxonomy":"category","embeddable":true,"href":"https:\/\/tvc16.com\/portal\/wp-json\/wp\/v2\/categories?post=97250"},{"taxonomy":"post_tag","embeddable":true,"href":"https:\/\/tvc16.com\/portal\/wp-json\/wp\/v2\/tags?post=97250"}],"curies":[{"name":"wp","href":"https:\/\/api.w.org\/{rel}","templated":true}]}}