{"id":97252,"date":"2025-01-13T14:15:23","date_gmt":"2025-01-13T17:15:23","guid":{"rendered":"https:\/\/tvc16.com\/portal\/?p=97252"},"modified":"2025-01-13T14:15:26","modified_gmt":"2025-01-13T17:15:26","slug":"estacio-petropolis-oferece-cursos-de-ferias-gratuitos-e-presenciais","status":"publish","type":"post","link":"https:\/\/tvc16.com\/portal\/2025\/01\/13\/estacio-petropolis-oferece-cursos-de-ferias-gratuitos-e-presenciais\/","title":{"rendered":"Est\u00e1cio Petr\u00f3polis oferece cursos de\u00a0f\u00e9rias\u00a0gratuitos e presenciais"},"content":{"rendered":"\n<p>No cen\u00e1rio atual, onde a din\u00e2mica do mercado de trabalho exige constante atualiza\u00e7\u00e3o e aquisi\u00e7\u00e3o de novas habilidades, as&nbsp;f\u00e9rias&nbsp;no final de ano surgem como uma excelente oportunidade para investir em educa\u00e7\u00e3o. Os cursos de&nbsp;f\u00e9rias&nbsp;se destacam como uma ferramenta essencial para aprimorar conhecimentos em diversas \u00e1reas, oferecendo uma chance de ampliar horizontes, desenvolver compet\u00eancias e se preparar os novos desafios da carreira profissional.&nbsp;<\/p>\n\n\n\n<p>Diante desse cen\u00e1rio, a Est\u00e1cio anuncia a abertura de mais de 24 mil vagas para os cursos de&nbsp;f\u00e9rias&nbsp;com aulas 100% presenciais e gratuitas. S\u00e3o mais de 650 op\u00e7\u00f5es, de curta dura\u00e7\u00e3o, em Tecnologia, Gest\u00e3o, Marketing, Finan\u00e7as e Sa\u00fade, dispon\u00edveis entre dezembro de 2024 e fevereiro de 2025. Os cursos abrangem diversos estados do pa\u00eds, como o Rio de Janeiro e abrange a&nbsp;<strong>Regi\u00e3o Serrana (Petr\u00f3polis, Teres\u00f3polis e Nova Friburgo),<\/strong>&nbsp;com o intuito de ajudar a popula\u00e7\u00e3o local a desenvolver novas habilidades pr\u00e1ticas e se preparar para o mercado de trabalho. Ap\u00f3s a conclus\u00e3o, todos os participantes ir\u00e3o receber um certificado oficial da Est\u00e1cio.&nbsp;Para obter mais informa\u00e7\u00f5es basta acessar&nbsp;<a rel=\"noreferrer noopener\" target=\"_blank\" href=\"https:\/\/estacio.br\/ferias\">estacio.br\/ferias<\/a>.&nbsp;<\/p>\n\n\n\n<p>A iniciativa visa proporcionar uma experi\u00eancia transformadora durante o per\u00edodo de recesso, na qual os estudantes podem contar com conte\u00fados relevantes, professores did\u00e1ticos e um formato intensivo, que inclui de um a quatro encontros presenciais.<\/p>\n\n\n\n<p>\u201cOs cursos de&nbsp;f\u00e9rias&nbsp;da Est\u00e1cio s\u00e3o uma excelente oportunidade para quem busca acelerar o desenvolvimento profissional de forma pr\u00e1tica e direcionada. \u00c9 uma chance de se destacar no mercado de trabalho com novas compet\u00eancias e certifica\u00e7\u00f5es reconhecidas\u201d, afirma Juliana Pereira, gerente comercial regional da Est\u00e1cio.&nbsp;<\/p>\n\n\n\n<p>As vagas s\u00e3o limitadas e, em caso de desist\u00eancias, os candidatos em lista de espera s\u00e3o acionados para garantir o aproveitamento m\u00e1ximo das turmas. A Est\u00e1cio reafirma o compromisso em levar educa\u00e7\u00e3o de qualidade a quem deseja explorar novas \u00e1reas e valorizar o curr\u00edculo. Para realizar a inscri\u00e7\u00e3o, acesse o site&nbsp;<a rel=\"noreferrer noopener\" target=\"_blank\" href=\"https:\/\/estacio.br\/ferias\">https:\/\/estacio.br\/ferias<\/a>.&nbsp;<\/p>\n\n\n\n<p><strong>Lista de cursos por cidades<\/strong><\/p>\n\n\n\n<p><strong>Petr\u00f3polis<\/strong><\/p>\n\n\n\n<p>Elaborando pe\u00e7as no Direito Civil: guia pr\u00e1tico 13\/01<\/p>\n\n\n\n<p>Sa\u00fade em foco: press\u00e3o e glicose \u2013 13\/01<\/p>\n\n\n\n<p>Gen\u00e9tica para todos: entendendo suas possibilidades \u2013 14\/01<\/p>\n\n\n\n<p>Constru\u00e7\u00e3o virtual \u2013 oficina de modelagem 3D \u2013 14\/01<\/p>\n\n\n\n<p>Anatomia b\u00e1sica: uma viagem pelo corpo humano \u2013 14\/01<\/p>\n\n\n\n<p>Desenho na pr\u00e1tica: observa\u00e7\u00e3o e express\u00e3o \u2013 14\/01<\/p>\n\n\n\n<p>Plano de beleza: preenchimento facial \u2013 15\/01<\/p>\n\n\n\n<p>Cozinhando sa\u00fade: planejamento nutricional e an\u00e1lise \u2013 15\/01<\/p>\n\n\n\n<p>Geopol\u00edtica no seu dia a dia \u2013 16\/01<\/p>\n\n\n\n<p>Introdu\u00e7\u00e3o \u00e0 NR 18: prote\u00e7\u00e3o no trabalho da constru\u00e7\u00e3o \u2013 16\/01<\/p>\n\n\n\n<p>Voc\u00ea e sua carreira: debates sobre o futuro profissional \u2013 16\/01<\/p>\n\n\n\n<p>Modelagem Bim: o futuro da constru\u00e7\u00e3o \u2013 16\/01<\/p>\n\n\n\n<p>Jornalismo em a\u00e7\u00e3o: t\u00e9cnicas de entrevista e produ\u00e7\u00e3o \u2013 16\/01<\/p>\n\n\n\n<p>Potencialize seu treino: muscula\u00e7\u00e3o aplicada \u2013 17\/01<\/p>\n\n\n\n<p>Mundo microsc\u00f3pico: oficina de explora\u00e7\u00e3o \u2013 20\/01<\/p>\n\n\n\n<p>Libere sua criatividade: estrat\u00e9gias para bloqueios \u2013 21\/01<\/p>\n\n\n\n<p>Oficina de maquetes: da vis\u00e3o \u00e0 realidade \u2013 21\/01<\/p>\n\n\n\n<p>Pedagogia criativa: atividades para o desenvolvimento infantil \u2013 21\/01<\/p>\n\n\n\n<p>Vencendo o estresse: t\u00e9cnicas para controlar a ansiedade \u2013 23\/01<\/p>\n\n\n\n<p>Criando com imagens e textos: poder da criatividade \u2013 23\/01<\/p>\n\n\n\n<p>M\u00e3os \u00e0 obra \u2013 marcenaria criativa \u2013 23\/01<\/p>\n\n\n\n<p>Conectando-se com animais: comportamentos e t\u00e9cnicas \u2013 24\/01<\/p>\n\n\n\n<p>Processos criativos \u2013 28\/01<\/p>\n\n\n\n<p>Paisagismo verde: solu\u00e7\u00f5es sustent\u00e1veis \u2013 28\/01<\/p>\n\n\n\n<p>Foto: divulga\u00e7\u00e3o <\/p>\n","protected":false},"excerpt":{"rendered":"<p>No cen\u00e1rio atual, onde a din\u00e2mica do mercado de trabalho exige constante atualiza\u00e7\u00e3o e aquisi\u00e7\u00e3o<\/p>\n","protected":false},"author":2,"featured_media":97253,"comment_status":"open","ping_status":"open","sticky":false,"template":"","format":"standard","meta":{"footnotes":""},"categories":[12],"tags":[],"class_list":["post-97252","post","type-post","status-publish","format-standard","has-post-thumbnail","hentry","category-cidade"],"_links":{"self":[{"href":"https:\/\/tvc16.com\/portal\/wp-json\/wp\/v2\/posts\/97252","targetHints":{"allow":["GET"]}}],"collection":[{"href":"https:\/\/tvc16.com\/portal\/wp-json\/wp\/v2\/posts"}],"about":[{"href":"https:\/\/tvc16.com\/portal\/wp-json\/wp\/v2\/types\/post"}],"author":[{"embeddable":true,"href":"https:\/\/tvc16.com\/portal\/wp-json\/wp\/v2\/users\/2"}],"replies":[{"embeddable":true,"href":"https:\/\/tvc16.com\/portal\/wp-json\/wp\/v2\/comments?post=97252"}],"version-history":[{"count":1,"href":"https:\/\/tvc16.com\/portal\/wp-json\/wp\/v2\/posts\/97252\/revisions"}],"predecessor-version":[{"id":97254,"href":"https:\/\/tvc16.com\/portal\/wp-json\/wp\/v2\/posts\/97252\/revisions\/97254"}],"wp:featuredmedia":[{"embeddable":true,"href":"https:\/\/tvc16.com\/portal\/wp-json\/wp\/v2\/media\/97253"}],"wp:attachment":[{"href":"https:\/\/tvc16.com\/portal\/wp-json\/wp\/v2\/media?parent=97252"}],"wp:term":[{"taxonomy":"category","embeddable":true,"href":"https:\/\/tvc16.com\/portal\/wp-json\/wp\/v2\/categories?post=97252"},{"taxonomy":"post_tag","embeddable":true,"href":"https:\/\/tvc16.com\/portal\/wp-json\/wp\/v2\/tags?post=97252"}],"curies":[{"name":"wp","href":"https:\/\/api.w.org\/{rel}","templated":true}]}}