{"id":97255,"date":"2025-01-14T05:00:00","date_gmt":"2025-01-14T08:00:00","guid":{"rendered":"https:\/\/tvc16.com\/portal\/?p=97255"},"modified":"2025-01-13T15:27:50","modified_gmt":"2025-01-13T18:27:50","slug":"sisu-2025-inscricoes-comecam-na-proxima-sexta-feira","status":"publish","type":"post","link":"https:\/\/tvc16.com\/portal\/2025\/01\/14\/sisu-2025-inscricoes-comecam-na-proxima-sexta-feira\/","title":{"rendered":"Sisu 2025: inscri\u00e7\u00f5es come\u00e7am na pr\u00f3xima sexta-feira"},"content":{"rendered":"\n<p>As inscri\u00e7\u00f5es para o Sistema de Sele\u00e7\u00e3o Unificada (Sisu) come\u00e7am na pr\u00f3xima sexta-feira (17) e seguem at\u00e9 21 de janeiro. De acordo com o cronograma oficial, o resultado da chamada regular est\u00e1 previsto para 26 de janeiro, enquanto o per\u00edodo de matr\u00edculas acontece de 27 a 31 de janeiro. O prazo para participar da lista de espera vai de 26 a 31 de janeiro.<img decoding=\"async\" src=\"https:\/\/agenciabrasil.ebc.com.br\/ebc.png?id=1626664&amp;o=node\"><img decoding=\"async\" src=\"https:\/\/agenciabrasil.ebc.com.br\/ebc.gif?id=1626664&amp;o=node\"><\/p>\n\n\n\n<p>Gerido pelo Minist\u00e9rio da Educa\u00e7\u00e3o (MEC), o sistema executa a sele\u00e7\u00e3o dos estudantes com base na m\u00e9dia da nota do&nbsp;<a href=\"http:\/\/https\/\/agenciabrasil.ebc.com.br\/educacao\/noticia\/2025-01\/resultados-do-enem-2024-ja-estao-disponiveis-na-pagina-do-participante\" target=\"_blank\" rel=\"noreferrer noopener\">Exame Nacional do Ensino M\u00e9dio<\/a>&nbsp;(Enem) at\u00e9 o limite da oferta de vagas ofertadas por institui\u00e7\u00f5es p\u00fablicas de ensino superior, por curso e modalidade de concorr\u00eancia, de acordo com a escolha dos candidatos inscritos e perfil socioecon\u00f4mico.<\/p>\n\n\n\n<p>A inscri\u00e7\u00e3o \u00e9 gratuita e feita exclusivamente pela internet. O acesso ao sistema de inscri\u00e7\u00e3o \u00e9 realizado com as informa\u00e7\u00f5es de&nbsp;<em>login<\/em>&nbsp;e senha para acesso aos servi\u00e7os digitais do governo federal, mediante uma conta no Gov.br. Quando o&nbsp;<a href=\"https:\/\/sisualuno.mec.gov.br\/#\/login\" target=\"_blank\" rel=\"noreferrer noopener\">candidato realiza o&nbsp;<em>login<\/em><\/a>, o sistema recupera, automaticamente, as notas obtidas na edi\u00e7\u00e3o do Enem v\u00e1lida para o processo seletivo.<\/p>\n\n\n\n<p>No ato da inscri\u00e7\u00e3o, o candidato preenche um question\u00e1rio socioecon\u00f4mico do perfil para Lei de Cotas e escolhe at\u00e9 duas op\u00e7\u00f5es de curso dentre as ofertadas em cada processo seletivo do Sisu. \u00c9 poss\u00edvel alterar as op\u00e7\u00f5es de curso durante todo o per\u00edodo de inscri\u00e7\u00f5es. A inscri\u00e7\u00e3o v\u00e1lida ser\u00e1 a \u00faltima registrada no sistema.<\/p>\n\n\n\n<p>Quem n\u00e3o for selecionado em nenhuma das duas op\u00e7\u00f5es de curso indicadas no ato de inscri\u00e7\u00e3o ainda pode disputar uma das vagas por meio da lista de espera do Sisu. Todos os estudantes que participaram do Enem 2024, obtiveram nota na prova de reda\u00e7\u00e3o maior do que zero e n\u00e3o declararam estar na condi\u00e7\u00e3o de treineiro podem participar do Sisu.<\/p>\n\n\n\n<p>Foto: \u00a9 Rafa Neddermeyer\/Ag\u00eancia Brasil<br>Paula Laboissi\u00e8re \u2013 Rep\u00f3rter da Ag\u00eancia Brasil<br><\/p>\n","protected":false},"excerpt":{"rendered":"<p>As inscri\u00e7\u00f5es para o Sistema de Sele\u00e7\u00e3o Unificada (Sisu) come\u00e7am na pr\u00f3xima sexta-feira (17) e<\/p>\n","protected":false},"author":2,"featured_media":97256,"comment_status":"open","ping_status":"open","sticky":false,"template":"","format":"standard","meta":{"footnotes":""},"categories":[17],"tags":[],"class_list":["post-97255","post","type-post","status-publish","format-standard","has-post-thumbnail","hentry","category-outras-noticias"],"_links":{"self":[{"href":"https:\/\/tvc16.com\/portal\/wp-json\/wp\/v2\/posts\/97255","targetHints":{"allow":["GET"]}}],"collection":[{"href":"https:\/\/tvc16.com\/portal\/wp-json\/wp\/v2\/posts"}],"about":[{"href":"https:\/\/tvc16.com\/portal\/wp-json\/wp\/v2\/types\/post"}],"author":[{"embeddable":true,"href":"https:\/\/tvc16.com\/portal\/wp-json\/wp\/v2\/users\/2"}],"replies":[{"embeddable":true,"href":"https:\/\/tvc16.com\/portal\/wp-json\/wp\/v2\/comments?post=97255"}],"version-history":[{"count":1,"href":"https:\/\/tvc16.com\/portal\/wp-json\/wp\/v2\/posts\/97255\/revisions"}],"predecessor-version":[{"id":97257,"href":"https:\/\/tvc16.com\/portal\/wp-json\/wp\/v2\/posts\/97255\/revisions\/97257"}],"wp:featuredmedia":[{"embeddable":true,"href":"https:\/\/tvc16.com\/portal\/wp-json\/wp\/v2\/media\/97256"}],"wp:attachment":[{"href":"https:\/\/tvc16.com\/portal\/wp-json\/wp\/v2\/media?parent=97255"}],"wp:term":[{"taxonomy":"category","embeddable":true,"href":"https:\/\/tvc16.com\/portal\/wp-json\/wp\/v2\/categories?post=97255"},{"taxonomy":"post_tag","embeddable":true,"href":"https:\/\/tvc16.com\/portal\/wp-json\/wp\/v2\/tags?post=97255"}],"curies":[{"name":"wp","href":"https:\/\/api.w.org\/{rel}","templated":true}]}}