{"id":97262,"date":"2025-01-13T15:37:54","date_gmt":"2025-01-13T18:37:54","guid":{"rendered":"https:\/\/tvc16.com\/portal\/?p=97262"},"modified":"2025-01-13T15:37:57","modified_gmt":"2025-01-13T18:37:57","slug":"geden-inicia-11o-ciclo-de-formacao-de-voluntarios-para-emergencias","status":"publish","type":"post","link":"https:\/\/tvc16.com\/portal\/2025\/01\/13\/geden-inicia-11o-ciclo-de-formacao-de-voluntarios-para-emergencias\/","title":{"rendered":"GEDEN inicia 11\u00ba Ciclo de Forma\u00e7\u00e3o de Volunt\u00e1rios para Emerg\u00eancias"},"content":{"rendered":"\n<p>No domingo, 12 de janeiro, o Grupo Especializado em Desastres Naturais (GEDEN) deu in\u00edcio a mais um ciclo de forma\u00e7\u00e3o de volunt\u00e1rios com uma aula inaugural de oito horas de dura\u00e7\u00e3o. Durante a atividade, realizamos um simulado, de retirada de v\u00edtimas de deslizamentos e alagamentos, e apresentamos o M\u00e9todo START (Simple Triage and Rapid Treatment), amplamente utilizado em situa\u00e7\u00f5es de desastres e emerg\u00eancias com m\u00faltiplas v\u00edtimas. Esse m\u00e9todo facilita a categoriza\u00e7\u00e3o e o atendimento r\u00e1pido, permitindo que os socorristas priorizem o tratamento com base na gravidade das les\u00f5es.<\/p>\n\n\n\n<p>O ciclo, que se estende por aproximadamente tr\u00eas meses, oferece uma vis\u00e3o abrangente sobre diversas vertentes relacionadas a calamidades, como gerenciamento de abrigo, comunica\u00e7\u00e3o de emerg\u00eancia, resgates e a\u00e7\u00f5es de resposta humanit\u00e1ria. Ap\u00f3s essa etapa, os volunt\u00e1rios poder\u00e3o se especializar na \u00e1rea de sua maior identifica\u00e7\u00e3o, capacitando-se para agir com rapidez e conhecimento em momentos cr\u00edticos, contribuindo assim para a comunidade e para os \u00f3rg\u00e3os p\u00fablicos.<\/p>\n\n\n\n<p>&#8220;Nesta forma\u00e7\u00e3o, do ciclo 11, contamos com a inscri\u00e7\u00e3o de 205 participantes, onde 50 fizeram o simulado, junto com 20 instrutores volunt\u00e1rios do GEDEN. Compareceram ainda representantes de oito munic\u00edpios do estado do Rio de Janeiro, um do Chile e um da Venezuela. O programa de prepara\u00e7\u00e3o visa fortalecer a capacidade da comunidade em situa\u00e7\u00f5es de emerg\u00eancia, incluindo per\u00edodos de chuvas com alagamentos e deslizamentos, al\u00e9m de estiagens com inc\u00eandios florestais. O foco tamb\u00e9m est\u00e1 na a\u00e7\u00e3o preventiva, onde a conscientiza\u00e7\u00e3o e o preparo da popula\u00e7\u00e3o podem fazer toda a diferen\u00e7a&#8221;, explicou o presidente do GEDEN Nenem Peixoto.<\/p>\n\n\n\n<p>Foto: divulga\u00e7\u00e3o<\/p>\n","protected":false},"excerpt":{"rendered":"<p>No domingo, 12 de janeiro, o Grupo Especializado em Desastres Naturais (GEDEN) deu in\u00edcio a<\/p>\n","protected":false},"author":2,"featured_media":97263,"comment_status":"open","ping_status":"open","sticky":false,"template":"","format":"standard","meta":{"footnotes":""},"categories":[12],"tags":[],"class_list":["post-97262","post","type-post","status-publish","format-standard","has-post-thumbnail","hentry","category-cidade"],"_links":{"self":[{"href":"https:\/\/tvc16.com\/portal\/wp-json\/wp\/v2\/posts\/97262","targetHints":{"allow":["GET"]}}],"collection":[{"href":"https:\/\/tvc16.com\/portal\/wp-json\/wp\/v2\/posts"}],"about":[{"href":"https:\/\/tvc16.com\/portal\/wp-json\/wp\/v2\/types\/post"}],"author":[{"embeddable":true,"href":"https:\/\/tvc16.com\/portal\/wp-json\/wp\/v2\/users\/2"}],"replies":[{"embeddable":true,"href":"https:\/\/tvc16.com\/portal\/wp-json\/wp\/v2\/comments?post=97262"}],"version-history":[{"count":1,"href":"https:\/\/tvc16.com\/portal\/wp-json\/wp\/v2\/posts\/97262\/revisions"}],"predecessor-version":[{"id":97264,"href":"https:\/\/tvc16.com\/portal\/wp-json\/wp\/v2\/posts\/97262\/revisions\/97264"}],"wp:featuredmedia":[{"embeddable":true,"href":"https:\/\/tvc16.com\/portal\/wp-json\/wp\/v2\/media\/97263"}],"wp:attachment":[{"href":"https:\/\/tvc16.com\/portal\/wp-json\/wp\/v2\/media?parent=97262"}],"wp:term":[{"taxonomy":"category","embeddable":true,"href":"https:\/\/tvc16.com\/portal\/wp-json\/wp\/v2\/categories?post=97262"},{"taxonomy":"post_tag","embeddable":true,"href":"https:\/\/tvc16.com\/portal\/wp-json\/wp\/v2\/tags?post=97262"}],"curies":[{"name":"wp","href":"https:\/\/api.w.org\/{rel}","templated":true}]}}