{"id":97269,"date":"2025-01-14T05:00:00","date_gmt":"2025-01-14T08:00:00","guid":{"rendered":"https:\/\/tvc16.com\/portal\/?p=97269"},"modified":"2025-01-13T16:03:34","modified_gmt":"2025-01-13T19:03:34","slug":"estacao-jaqueira-oferece-visitas-guiadas-gratuitas-a-exposicao-atelie-arte-lavrinha-no-vale-do-cuiaba","status":"publish","type":"post","link":"https:\/\/tvc16.com\/portal\/2025\/01\/14\/estacao-jaqueira-oferece-visitas-guiadas-gratuitas-a-exposicao-atelie-arte-lavrinha-no-vale-do-cuiaba\/","title":{"rendered":"Esta\u00e7\u00e3o Jaqueira oferece visitas guiadas gratuitas \u00e0 exposi\u00e7\u00e3o \u201cAteli\u00ea Arte Lavrinha\u201d no Vale do Cuiab\u00e1"},"content":{"rendered":"\n<p>A partir deste m\u00eas, a Esta\u00e7\u00e3o Jaqueira, localizada no Vale do Cuiab\u00e1, em Petr\u00f3polis, promove visitas guiadas gratuitas \u00e0 exposi\u00e7\u00e3o \u201cAteli\u00ea Arte Lavrinha\u201d, em cartaz at\u00e9 25 de maio. As visitas ocorrem aos s\u00e1bados, das 11h \u00e0s 13h, oferecendo ao p\u00fablico a chance de conhecer obras de artistas vinculados \u00e0s APAEs de Bocaina de Minas e Liberdade, com atividades interativas e oficinas tem\u00e1ticas.<\/p>\n\n\n\n<p>Nietta Monte, idealizadora do projeto, destaca a import\u00e2ncia da exposi\u00e7\u00e3o em uma cidade como Petr\u00f3polis, que ainda precisa avan\u00e7ar na inclus\u00e3o cultural: \u201cEssa mostra \u00e9 um passo em dire\u00e7\u00e3o ao empoderamento de grupos vulner\u00e1veis e \u00e0 valoriza\u00e7\u00e3o da produ\u00e7\u00e3o art\u00edstica, destacando a beleza e a surpresa do visitante diante das obras destes indiv\u00edduos\u201d.<\/p>\n\n\n\n<p>A programa\u00e7\u00e3o inclui a exibi\u00e7\u00e3o de um v\u00eddeo sobre o ateli\u00ea seguido por oficinas tem\u00e1ticas inspiradas nos artistas que comp\u00f5em a mostra \u2013 Catita, Ivanir, Rosineia, Cida e Luciano \u2013, com experi\u00eancias distintas a cada s\u00e1bado.<\/p>\n\n\n\n<p>Fundado em 2009, o Ateli\u00ea Arte Lavrinha promove a experimenta\u00e7\u00e3o art\u00edstica de pessoas com defici\u00eancia, integrando arte e educa\u00e7\u00e3o em um ambiente natural da Serra da Mantiqueira. A exposi\u00e7\u00e3o re\u00fane pinturas, desenhos e esculturas que exploram diversas t\u00e9cnicas, como o papel mach\u00ea.<\/p>\n\n\n\n<p>\u201cO equil\u00edbrio entre a valoriza\u00e7\u00e3o est\u00e9tica e o rompimento de barreiras estruturais se d\u00e1 pela centralidade que conferimos \u00e0s obras enquanto manifesta\u00e7\u00f5es de excel\u00eancia art\u00edstica. Nosso objetivo \u00e9 que o p\u00fablico n\u00e3o veja apenas a supera\u00e7\u00e3o de desafios, mas perceba a profundidade, a originalidade e o impacto das produ\u00e7\u00f5es apresentadas. Ao criar um espa\u00e7o que legitima esses trabalhos no campo das artes visuais, buscamos provocar uma mudan\u00e7a nos crit\u00e9rios de inclus\u00e3o e reconhecimento no sistema art\u00edstico como um todo\u201d, complementa Carlos Feij\u00f3, co-curador da exposi\u00e7\u00e3o e coordenador das oficinas.<\/p>\n\n\n\n<p>O agendamento deve ser feito de segunda a sexta-feira, das 9h \u00e0s 18h, pelo WhatsApp: (21) 97205-2041 ou Instagram: @estacaojaqueira2020. As vagas s\u00e3o limitadas.<\/p>\n\n\n\n<p>Servi\u00e7o &#8211; Visitas guiadas \u201cAteli\u00ea Arte Lavrinha\u201d<br>Exposi\u00e7\u00e3o: at\u00e9 25 de maio de 2025<br>Visitas guiadas: S\u00e1bados, das 11h \u00e0s 13h<br>Local: Esta\u00e7\u00e3o Jaqueira (Estrada Ministro Salgado Filho, 2781 \u2013 Vale do Cuiab\u00e1, Petr\u00f3polis)<br>Agendamentos: WhatsApp (21) 97205-2041 ou Instagram: @estacaojaqueira2020<\/p>\n\n\n\n<p>Para o p\u00fablico que desejar visitar a exposi\u00e7\u00e3o, a linha 705 &#8211; Cuiab\u00e1 (Turp), no Terminal Itaipava, deixa o visitante em frente \u00e0 Esta\u00e7\u00e3o Jaqueira.<\/p>\n\n\n\n<p>Entrada gratuita<\/p>\n","protected":false},"excerpt":{"rendered":"<p>A partir deste m\u00eas, a Esta\u00e7\u00e3o Jaqueira, localizada no Vale do Cuiab\u00e1, em Petr\u00f3polis, promove<\/p>\n","protected":false},"author":2,"featured_media":97270,"comment_status":"open","ping_status":"open","sticky":false,"template":"","format":"standard","meta":{"footnotes":""},"categories":[12],"tags":[],"class_list":["post-97269","post","type-post","status-publish","format-standard","has-post-thumbnail","hentry","category-cidade"],"_links":{"self":[{"href":"https:\/\/tvc16.com\/portal\/wp-json\/wp\/v2\/posts\/97269","targetHints":{"allow":["GET"]}}],"collection":[{"href":"https:\/\/tvc16.com\/portal\/wp-json\/wp\/v2\/posts"}],"about":[{"href":"https:\/\/tvc16.com\/portal\/wp-json\/wp\/v2\/types\/post"}],"author":[{"embeddable":true,"href":"https:\/\/tvc16.com\/portal\/wp-json\/wp\/v2\/users\/2"}],"replies":[{"embeddable":true,"href":"https:\/\/tvc16.com\/portal\/wp-json\/wp\/v2\/comments?post=97269"}],"version-history":[{"count":1,"href":"https:\/\/tvc16.com\/portal\/wp-json\/wp\/v2\/posts\/97269\/revisions"}],"predecessor-version":[{"id":97271,"href":"https:\/\/tvc16.com\/portal\/wp-json\/wp\/v2\/posts\/97269\/revisions\/97271"}],"wp:featuredmedia":[{"embeddable":true,"href":"https:\/\/tvc16.com\/portal\/wp-json\/wp\/v2\/media\/97270"}],"wp:attachment":[{"href":"https:\/\/tvc16.com\/portal\/wp-json\/wp\/v2\/media?parent=97269"}],"wp:term":[{"taxonomy":"category","embeddable":true,"href":"https:\/\/tvc16.com\/portal\/wp-json\/wp\/v2\/categories?post=97269"},{"taxonomy":"post_tag","embeddable":true,"href":"https:\/\/tvc16.com\/portal\/wp-json\/wp\/v2\/tags?post=97269"}],"curies":[{"name":"wp","href":"https:\/\/api.w.org\/{rel}","templated":true}]}}