{"id":97272,"date":"2025-01-14T05:00:00","date_gmt":"2025-01-14T08:00:00","guid":{"rendered":"https:\/\/tvc16.com\/portal\/?p=97272"},"modified":"2025-01-13T16:52:21","modified_gmt":"2025-01-13T19:52:21","slug":"prefeitura-inicia-plantio-de-2-550-mudas-para-criacao-do-cinturao-verde-no-aterro-sanitario-de-pedro-do-rio","status":"publish","type":"post","link":"https:\/\/tvc16.com\/portal\/2025\/01\/14\/prefeitura-inicia-plantio-de-2-550-mudas-para-criacao-do-cinturao-verde-no-aterro-sanitario-de-pedro-do-rio\/","title":{"rendered":"Prefeitura inicia plantio de 2.550 mudas para cria\u00e7\u00e3o do cintur\u00e3o verde no Aterro Sanit\u00e1rio de Pedro do Rio"},"content":{"rendered":"\n<p>A Prefeitura, por meio da Companhia Municipal de Desenvolvimento de Petr\u00f3polis (Comdep), deu in\u00edcio ao plantio de 2.550 mudas no Aterro Sanit\u00e1rio de Pedro do Rio. A iniciativa faz parte da cria\u00e7\u00e3o do cintur\u00e3o verde, uma barreira natural formada por vegeta\u00e7\u00e3o que tem como objetivo principal minimizar os impactos ambientais, como a emiss\u00e3o de odores, al\u00e9m de contribuir para a recupera\u00e7\u00e3o da biodiversidade local.<\/p>\n\n\n\n<p>O prefeito Hingo Hammes destacou a import\u00e2ncia do projeto para a cidade. \u201cEstamos investindo em a\u00e7\u00f5es que aliam preserva\u00e7\u00e3o ambiental e qualidade de vida para a popula\u00e7\u00e3o. O cintur\u00e3o verde no Aterro de Pedro do Rio \u00e9 um exemplo claro do compromisso da Prefeitura com a sustentabilidade e a recupera\u00e7\u00e3o ambiental\u201d, afirmou. A medida tamb\u00e9m atende a uma exig\u00eancia da licen\u00e7a ambiental, garantindo a recupera\u00e7\u00e3o da \u00e1rea utilizada no passado como aterro sanit\u00e1rio.<\/p>\n\n\n\n<p>As mudas utilizadas para essa primeira fase do plantio, foram doadas pela Secretaria de Meio Ambiente e incluem esp\u00e9cies como Pata de Vaca (288 unidades), Ara\u00e7\u00e1 (76 unidades), Angico (96 unidades), Aroeira (82 unidades) e Ip\u00ea (62 unidades), totalizando 604 plantas na etapa inicial. \u201cEssa doa\u00e7\u00e3o de mudas \u00e9 uma a\u00e7\u00e3o estrat\u00e9gica para restaurar \u00e1reas importantes e fortalecer a prote\u00e7\u00e3o ambiental. O cintur\u00e3o verde \u00e9 uma medida essencial para tornar o aterro sanit\u00e1rio mais integrado ao meio ambiente e menos impactante para a comunidade ao redor\u201d, explicou o vice-prefeito e secret\u00e1rio de Meio Ambiente, Albano Filho, o Baninho.<\/p>\n\n\n\n<p>O cintur\u00e3o verde, al\u00e9m de atuar como uma barreira natural, \u00e9 uma estrat\u00e9gia reconhecida em todo o mundo para reduzir o impacto ambiental em \u00e1reas de aterros sanit\u00e1rios. A presidente da Comdep, Fernanda Ferreira, tamb\u00e9m enfatizou os benef\u00edcios da iniciativa. \u201cEsse plantio \u00e9 um passo significativo para a recupera\u00e7\u00e3o do entorno do aterro. Al\u00e9m de contribuir para a preserva\u00e7\u00e3o da flora local, o cintur\u00e3o verde ajuda a mitigar os impactos ambientais do aterro e refor\u00e7a o compromisso da Comdep com a gest\u00e3o sustent\u00e1vel\u201d, declarou.<\/p>\n\n\n\n<p>A medida atende a condicionante da Licen\u00e7a Ambiental de Recupera\u00e7\u00e3o (LAR), concedida pelo INEA ao Munic\u00edpio de Petr\u00f3polis para o Aterro Controlado de Pedro do Rio. A licen\u00e7a estabelece condi\u00e7\u00f5es para a recupera\u00e7\u00e3o ambiental da \u00e1rea, refor\u00e7ando o compromisso com a gest\u00e3o respons\u00e1vel de res\u00edduos s\u00f3lidos.<\/p>\n","protected":false},"excerpt":{"rendered":"<p>A Prefeitura, por meio da Companhia Municipal de Desenvolvimento de Petr\u00f3polis (Comdep), deu in\u00edcio ao<\/p>\n","protected":false},"author":2,"featured_media":97273,"comment_status":"open","ping_status":"open","sticky":false,"template":"","format":"standard","meta":{"footnotes":""},"categories":[12,1],"tags":[],"class_list":["post-97272","post","type-post","status-publish","format-standard","has-post-thumbnail","hentry","category-cidade","category-uncategorized"],"_links":{"self":[{"href":"https:\/\/tvc16.com\/portal\/wp-json\/wp\/v2\/posts\/97272","targetHints":{"allow":["GET"]}}],"collection":[{"href":"https:\/\/tvc16.com\/portal\/wp-json\/wp\/v2\/posts"}],"about":[{"href":"https:\/\/tvc16.com\/portal\/wp-json\/wp\/v2\/types\/post"}],"author":[{"embeddable":true,"href":"https:\/\/tvc16.com\/portal\/wp-json\/wp\/v2\/users\/2"}],"replies":[{"embeddable":true,"href":"https:\/\/tvc16.com\/portal\/wp-json\/wp\/v2\/comments?post=97272"}],"version-history":[{"count":1,"href":"https:\/\/tvc16.com\/portal\/wp-json\/wp\/v2\/posts\/97272\/revisions"}],"predecessor-version":[{"id":97274,"href":"https:\/\/tvc16.com\/portal\/wp-json\/wp\/v2\/posts\/97272\/revisions\/97274"}],"wp:featuredmedia":[{"embeddable":true,"href":"https:\/\/tvc16.com\/portal\/wp-json\/wp\/v2\/media\/97273"}],"wp:attachment":[{"href":"https:\/\/tvc16.com\/portal\/wp-json\/wp\/v2\/media?parent=97272"}],"wp:term":[{"taxonomy":"category","embeddable":true,"href":"https:\/\/tvc16.com\/portal\/wp-json\/wp\/v2\/categories?post=97272"},{"taxonomy":"post_tag","embeddable":true,"href":"https:\/\/tvc16.com\/portal\/wp-json\/wp\/v2\/tags?post=97272"}],"curies":[{"name":"wp","href":"https:\/\/api.w.org\/{rel}","templated":true}]}}