{"id":97284,"date":"2025-01-14T08:14:38","date_gmt":"2025-01-14T11:14:38","guid":{"rendered":"https:\/\/tvc16.com\/portal\/?p=97284"},"modified":"2025-01-14T08:14:39","modified_gmt":"2025-01-14T11:14:39","slug":"saude-lanca-campanha-sobre-importancia-do-programa-mais-medicos","status":"publish","type":"post","link":"https:\/\/tvc16.com\/portal\/2025\/01\/14\/saude-lanca-campanha-sobre-importancia-do-programa-mais-medicos\/","title":{"rendered":"Sa\u00fade lan\u00e7a campanha sobre import\u00e2ncia do programa Mais M\u00e9dicos"},"content":{"rendered":"\n<p><em>Profissionais atuam em regi\u00f5es remotas e com alta vulnerabilidade<\/em><\/p>\n\n\n\n<p>Por Elaine Patr\u00edcia Cruz &#8211; Rep\u00f3rter da Ag\u00eancia Brasil \/ Foto: Marcelo Camargo\/Ag\u00eancia Brasil<\/p>\n\n\n\n<p><\/p>\n\n\n\n<p>O Minist\u00e9rio da Sa\u00fade lan\u00e7ou nesta segunda-feira (13) uma campanha publicit\u00e1ria sobre o programa Mais M\u00e9dicos, que ser\u00e1 veiculada na televis\u00e3o, r\u00e1dio, m\u00eddias e pain\u00e9is digitais.<img decoding=\"async\" src=\"https:\/\/agenciabrasil.ebc.com.br\/ebc.png?id=1626713&amp;o=node\"><img decoding=\"async\" src=\"https:\/\/agenciabrasil.ebc.com.br\/ebc.gif?id=1626713&amp;o=node\"><\/p>\n\n\n\n<p>Chamada de Onde Tem Vida, Tem Mais M\u00e9dicos. E Onde Tem Mais M\u00e9dicos, Tem Governo Federal e um Brasil Bem Cuidado, a campanha pretende sensibilizar a popula\u00e7\u00e3o sobre a import\u00e2ncia do programa, al\u00e9m de incentivar a busca de informa\u00e7\u00f5es sobre os atendimentos pelo portal do Mais M\u00e9dicos.<\/p>\n\n\n\n<p>O programa Mais M\u00e9dicos foi criado em 2013, com o objetivo de ampliar a assist\u00eancia \u00e0 aten\u00e7\u00e3o b\u00e1sica de sa\u00fade levando m\u00e9dicos para atuarem em regi\u00f5es priorit\u00e1rias, remotas, de dif\u00edcil acesso e de alto \u00edndice de vulnerabilidade, onde h\u00e1 escassez ou aus\u00eancia desses profissionais. Em 2023, o programa foi relan\u00e7ado e rebatizado de Mais M\u00e9dicos para o Brasil (https:\/\/agenciabrasil.ebc.com.br\/saude\/noticia\/2023-03\/governo-relanca-mais-medicos-brasileiros-terao-prioridade), passando a incluir outras \u00e1reas de sa\u00fade, como dentistas, enfermeiros e assistentes sociais, e prometendo priorizar profissionais brasileiros.<\/p>\n\n\n\n<p>\u201cO Mais M\u00e9dicos \u00e9 uma realidade, e faz diferen\u00e7a. Na Estrat\u00e9gia de Sa\u00fade da Fam\u00edlia , hoje, o programa permite hor\u00e1rios de atendimento estendidos\u201d, disse a ministra da Sa\u00fade, N\u00edsia Trindade.<\/p>\n\n\n\n<p>Segundo o Minist\u00e9rio da Sa\u00fade, a aten\u00e7\u00e3o prim\u00e1ria chegou \u00e0 marca de 26.872 vagas preenchidas no Mais M\u00e9dicos no final do ano passado, sendo 601 para atua\u00e7\u00e3o em 34 Distritos Sanit\u00e1rios Especiais Ind\u00edgenas (DSEI) . Destes, 50 profissionais foram encaminhados para o territ\u00f3rio Yanomami. Outro destaque, informou a pasta, foi a abertura de editais com regime de cotas \u00e9tnico-raciais e para pessoas com defici\u00eancia (PCDs), com a oferta de 3,1 mil vagas para profissionais de 1.574 munic\u00edpios brasileiros.<\/p>\n\n\n\n<p>A nova campanha poder\u00e1 ser vista no&nbsp;<a href=\"https:\/\/www.gov.br\/saude\/pt-br\/campanhas-da-saude\/2025\/mais-medicos\">portal do programa<\/a>.<br><\/p>\n","protected":false},"excerpt":{"rendered":"<p>Profissionais atuam em regi\u00f5es remotas e com alta vulnerabilidade Por Elaine Patr\u00edcia Cruz &#8211; Rep\u00f3rter<\/p>\n","protected":false},"author":2,"featured_media":97285,"comment_status":"open","ping_status":"open","sticky":false,"template":"","format":"standard","meta":{"footnotes":""},"categories":[17],"tags":[],"class_list":["post-97284","post","type-post","status-publish","format-standard","has-post-thumbnail","hentry","category-outras-noticias"],"_links":{"self":[{"href":"https:\/\/tvc16.com\/portal\/wp-json\/wp\/v2\/posts\/97284","targetHints":{"allow":["GET"]}}],"collection":[{"href":"https:\/\/tvc16.com\/portal\/wp-json\/wp\/v2\/posts"}],"about":[{"href":"https:\/\/tvc16.com\/portal\/wp-json\/wp\/v2\/types\/post"}],"author":[{"embeddable":true,"href":"https:\/\/tvc16.com\/portal\/wp-json\/wp\/v2\/users\/2"}],"replies":[{"embeddable":true,"href":"https:\/\/tvc16.com\/portal\/wp-json\/wp\/v2\/comments?post=97284"}],"version-history":[{"count":1,"href":"https:\/\/tvc16.com\/portal\/wp-json\/wp\/v2\/posts\/97284\/revisions"}],"predecessor-version":[{"id":97286,"href":"https:\/\/tvc16.com\/portal\/wp-json\/wp\/v2\/posts\/97284\/revisions\/97286"}],"wp:featuredmedia":[{"embeddable":true,"href":"https:\/\/tvc16.com\/portal\/wp-json\/wp\/v2\/media\/97285"}],"wp:attachment":[{"href":"https:\/\/tvc16.com\/portal\/wp-json\/wp\/v2\/media?parent=97284"}],"wp:term":[{"taxonomy":"category","embeddable":true,"href":"https:\/\/tvc16.com\/portal\/wp-json\/wp\/v2\/categories?post=97284"},{"taxonomy":"post_tag","embeddable":true,"href":"https:\/\/tvc16.com\/portal\/wp-json\/wp\/v2\/tags?post=97284"}],"curies":[{"name":"wp","href":"https:\/\/api.w.org\/{rel}","templated":true}]}}