{"id":9729,"date":"2021-01-18T19:05:44","date_gmt":"2021-01-18T22:05:44","guid":{"rendered":"https:\/\/tvc16.com\/portal\/?p=9729"},"modified":"2021-01-18T19:05:47","modified_gmt":"2021-01-18T22:05:47","slug":"petropolis-vai-receber-ate-esta-terca-feira-19-as-primeiras-4-678-doses-da-vacina-contra-o-coronavirus-a-informacao-foi-confirmada-pelo-prefeito-interino-hingo-hammes-e-pelo-secretario-municipal-de","status":"publish","type":"post","link":"https:\/\/tvc16.com\/portal\/2021\/01\/18\/petropolis-vai-receber-ate-esta-terca-feira-19-as-primeiras-4-678-doses-da-vacina-contra-o-coronavirus-a-informacao-foi-confirmada-pelo-prefeito-interino-hingo-hammes-e-pelo-secretario-municipal-de\/","title":{"rendered":"Petr\u00f3polis vai receber at\u00e9 esta ter\u00e7a-feira (19) as primeiras 4.678 doses da vacina contra o coronav\u00edrus. A informa\u00e7\u00e3o foi confirmada pelo prefeito interino Hingo Hammes e pelo secret\u00e1rio municipal de Sa\u00fade, Aloisio Barbosa da Silva Filho"},"content":{"rendered":"\n<p><em>Petr\u00f3polis recebe at\u00e9 esta ter\u00e7a-feira as primeiras 4.678 doses da vacina contra o coronav\u00edrus<\/em><\/p>\n\n\n\n<p>Seguindo orienta\u00e7\u00f5es do Minist\u00e9rio da Sa\u00fade, os primeiros a serem imunizados ser\u00e3o os profissionais de Sa\u00fade que atuam na linha de frente no combate \u00e0 Covid-19, al\u00e9m de idosos com mais de 60 anos asilados e pessoas com defici\u00eancia maiores de 18 anos residentes em institui\u00e7\u00f5es inclusivas. A vacina\u00e7\u00e3o, neste primeiro momento, ser\u00e1 volante, com in\u00edcio nesta quarta-feira (20).<\/p>\n\n\n\n<p>\u201cA chegada das primeiras doses da vacina nos d\u00e1 um novo \u00e2nimo. \u00c9 o in\u00edcio da imuniza\u00e7\u00e3o da nossa popula\u00e7\u00e3o. Estamos seguindo rigorosamente as orienta\u00e7\u00f5es do Minist\u00e9rio da Sa\u00fade e esperamos poder anunciar, em breve, as novas etapas da vacina\u00e7\u00e3o, com a amplia\u00e7\u00e3o da cobertura vacinal\u201d, declarou o prefeito interino Hingo Hammes, lembrando que o Governo do Estado dever\u00e1 entregar em tr\u00eas ou quatro semanas os lotes com a segunda dose da vacina para este primeiro grupo.<\/p>\n\n\n\n<p>Neste primeiro momento, a quantidade de doses entregue ser\u00e1 suficiente para imunizar 16% do total previsto dentro da primeira fase da campanha de imuniza\u00e7\u00e3o. \u201cA quantidade que ser\u00e1 entregue agora \u00e9 menor do que a esperada pelos munic\u00edpios em todo o pa\u00eds, mas n\u00e3o podemos deixar de celebrar este momento. A chegada das primeiras doses da vacina \u00e9 muito importante, mas vamos continuar trabalhando para garantir que toda a popula\u00e7\u00e3o seja imunizada. Este \u00e9 o primeiro de muitos passos que ainda vamos dar\u201d, disse, confiante.<\/p>\n\n\n\n<p><\/p>\n\n\n\n<figure class=\"wp-block-image size-large\"><img loading=\"lazy\" decoding=\"async\" width=\"1024\" height=\"576\" src=\"https:\/\/tvc16.com\/portal\/wp-content\/uploads\/2021\/01\/IMG-20210118-WA0076-1024x576.jpg\" alt=\"\" class=\"wp-image-9727\" srcset=\"https:\/\/tvc16.com\/portal\/wp-content\/uploads\/2021\/01\/IMG-20210118-WA0076-1024x576.jpg 1024w, https:\/\/tvc16.com\/portal\/wp-content\/uploads\/2021\/01\/IMG-20210118-WA0076-300x169.jpg 300w, https:\/\/tvc16.com\/portal\/wp-content\/uploads\/2021\/01\/IMG-20210118-WA0076-768x432.jpg 768w, https:\/\/tvc16.com\/portal\/wp-content\/uploads\/2021\/01\/IMG-20210118-WA0076.jpg 1280w\" sizes=\"auto, (max-width: 1024px) 100vw, 1024px\" \/><\/figure>\n\n\n\n<p>O secret\u00e1rio de Sa\u00fade, Aloisio Barbosa da Silva Filho, explicou que, neste primeiro momento, a vacina\u00e7\u00e3o ser\u00e1 volante. \u201cCom a confirma\u00e7\u00e3o da quantidade de vacinas que chegar\u00e1 a cidade neste primeiro momento, faremos a vacina\u00e7\u00e3o volante, atendendo os p\u00fablicos priorit\u00e1rios elencados pelo Governo Federal. As equipes ir\u00e3o diretamente \u00e0s unidades de sa\u00fade para fazer a imuniza\u00e7\u00e3o das equipes, seguindo calend\u00e1rio que j\u00e1 est\u00e1 sendo definido. Os postos de vacina\u00e7\u00e3o previstos pela Sa\u00fade no Plano Municipal de Vacina\u00e7\u00e3o ser\u00e3o abertos apenas quando houver novas doses, de forma que seja poss\u00edvel atender os demais p\u00fablicos inclu\u00eddos na primeira, segunda, terceira e quarta fases da campanha.<\/p>\n\n\n\n<figure class=\"wp-block-image\"><img loading=\"lazy\" decoding=\"async\" width=\"1024\" height=\"576\" src=\"https:\/\/tvc16.com\/portal\/wp-content\/uploads\/2021\/01\/IMG-20210118-WA0077-1024x576.jpg\" alt=\"\" class=\"wp-image-9724\" srcset=\"https:\/\/tvc16.com\/portal\/wp-content\/uploads\/2021\/01\/IMG-20210118-WA0077-1024x576.jpg 1024w, https:\/\/tvc16.com\/portal\/wp-content\/uploads\/2021\/01\/IMG-20210118-WA0077-300x169.jpg 300w, https:\/\/tvc16.com\/portal\/wp-content\/uploads\/2021\/01\/IMG-20210118-WA0077-768x432.jpg 768w, https:\/\/tvc16.com\/portal\/wp-content\/uploads\/2021\/01\/IMG-20210118-WA0077.jpg 1280w\" sizes=\"auto, (max-width: 1024px) 100vw, 1024px\" \/><\/figure>\n\n\n\n<p>O prefeito interino Hingo Hammes lembrou que a decis\u00e3o do Minist\u00e9rio da Sa\u00fade de comprar todas as doses inviabiliza a compra direta da vacina pelos munic\u00edpios. Toda a produ\u00e7\u00e3o do laborat\u00f3rio Sinovac\/Butantan foi adquirida pelo Governo Federal, que far\u00e1 a distribui\u00e7\u00e3o para todo o pa\u00eds. \u201cSeguiremos nosso planejamento, levando em conta a chegada das remessas\u201d, detalhou.<\/p>\n\n\n\n<p>O secret\u00e1rio de Sa\u00fade frisou que, mesmo com o in\u00edcio da vacina\u00e7\u00e3o, \u00e9 imprescind\u00edvel que a popula\u00e7\u00e3o mantenha todos os cuidados para evitar a dissemina\u00e7\u00e3o do coronav\u00edrus: \u201cContamos com a colabora\u00e7\u00e3o de todos, evitando aglomera\u00e7\u00f5es, usando m\u00e1scara e higienizando as m\u00e3os\u201d.<\/p>\n","protected":false},"excerpt":{"rendered":"<p>Petr\u00f3polis recebe at\u00e9 esta ter\u00e7a-feira as primeiras 4.678 doses da vacina contra o coronav\u00edrus Seguindo<\/p>\n","protected":false},"author":2,"featured_media":9730,"comment_status":"open","ping_status":"open","sticky":false,"template":"","format":"standard","meta":{"footnotes":""},"categories":[12],"tags":[],"class_list":["post-9729","post","type-post","status-publish","format-standard","has-post-thumbnail","hentry","category-cidade"],"_links":{"self":[{"href":"https:\/\/tvc16.com\/portal\/wp-json\/wp\/v2\/posts\/9729","targetHints":{"allow":["GET"]}}],"collection":[{"href":"https:\/\/tvc16.com\/portal\/wp-json\/wp\/v2\/posts"}],"about":[{"href":"https:\/\/tvc16.com\/portal\/wp-json\/wp\/v2\/types\/post"}],"author":[{"embeddable":true,"href":"https:\/\/tvc16.com\/portal\/wp-json\/wp\/v2\/users\/2"}],"replies":[{"embeddable":true,"href":"https:\/\/tvc16.com\/portal\/wp-json\/wp\/v2\/comments?post=9729"}],"version-history":[{"count":1,"href":"https:\/\/tvc16.com\/portal\/wp-json\/wp\/v2\/posts\/9729\/revisions"}],"predecessor-version":[{"id":9731,"href":"https:\/\/tvc16.com\/portal\/wp-json\/wp\/v2\/posts\/9729\/revisions\/9731"}],"wp:featuredmedia":[{"embeddable":true,"href":"https:\/\/tvc16.com\/portal\/wp-json\/wp\/v2\/media\/9730"}],"wp:attachment":[{"href":"https:\/\/tvc16.com\/portal\/wp-json\/wp\/v2\/media?parent=9729"}],"wp:term":[{"taxonomy":"category","embeddable":true,"href":"https:\/\/tvc16.com\/portal\/wp-json\/wp\/v2\/categories?post=9729"},{"taxonomy":"post_tag","embeddable":true,"href":"https:\/\/tvc16.com\/portal\/wp-json\/wp\/v2\/tags?post=9729"}],"curies":[{"name":"wp","href":"https:\/\/api.w.org\/{rel}","templated":true}]}}