{"id":97293,"date":"2025-01-14T08:21:55","date_gmt":"2025-01-14T11:21:55","guid":{"rendered":"https:\/\/tvc16.com\/portal\/?p=97293"},"modified":"2025-01-14T08:22:28","modified_gmt":"2025-01-14T11:22:28","slug":"programa-empoderadas-do-governo-do-estado-promove-capacitacao-de-profissionais-na-uerj","status":"publish","type":"post","link":"https:\/\/tvc16.com\/portal\/2025\/01\/14\/programa-empoderadas-do-governo-do-estado-promove-capacitacao-de-profissionais-na-uerj\/","title":{"rendered":"Programa Empoderadas, do Governo do Estado, promove capacita\u00e7\u00e3o de profissionais na UERJ"},"content":{"rendered":"\n<p><em>Atividade que ocorrer\u00e1 aos s\u00e1bados, at\u00e9 01\/02, auxiliar\u00e1 na qualifica\u00e7\u00e3o do atendimento nos polos em todo territ\u00f3rio fluminense<\/em><\/p>\n\n\n\n<p>No \u00faltimo s\u00e1bado (11\/01), come\u00e7ou o per\u00edodo de capacita\u00e7\u00e3o do Programa Empoderadas, da Secretaria de Desenvolvimento Social e Direitos Humanos, na Universidade do Estado do Rio de Janeiro (UERJ), para qualificar profissionais que trabalham nos polos de atendimento em todo o Estado do Rio de Janeiro.<\/p>\n\n\n\n<p>Em um grande aul\u00e3o de desvencilhamento no tatame, \u00c9rica Paes tamb\u00e9m falou sobre todos os perigos e batalhas vividas pelas mulheres no dia a dia, destacando porque \u00e9 fundamental o processo de capacita\u00e7\u00e3o.<\/p>\n\n\n\n<p>&#8211; &nbsp;A import\u00e2ncia da capacita\u00e7\u00e3o e da qualifica\u00e7\u00e3o dos nossos profissionais \u00e9 para continuarmos com a qualidade do trabalho oferecido para as mulheres nos quatro cantos do nosso Estado. A gente passa o plano de trabalho t\u00e9cnico e pr\u00e1tico e tamb\u00e9m a metodologia. Em 2025 a gente vai chegar onde a gente ainda n\u00e3o chegou, como novos polos em novas \u00e1reas &#8211; disse \u00c9rica.<\/p>\n\n\n\n<p><strong>O Programa Empoderadas<\/strong><br>O Programa atua na preven\u00e7\u00e3o e no enfrentamento \u00e0 viol\u00eancia de g\u00eanero, e foi criado em 2019 por Erica Paes, especialista em seguran\u00e7a feminina. O Empoderadas faz parte do Programa Estadual de Enfrentamento ao Feminic\u00eddio no Estado do Rio de Janeiro, institu\u00eddo atrav\u00e9s da Lei Estadual n\u00ba 9.985 de 7 de novembro de 2022.<\/p>\n\n\n\n<p>A preven\u00e7\u00e3o \u00e9 a base da metodologia do Empoderadas, que leva aos seus polos em<br>todo o estado, tatames e professoras graduadas em artes marciais. Essas profissionais s\u00e3o preparadas para oferecer educa\u00e7\u00e3o, alertar para direitos e identifica\u00e7\u00e3o dos sinais da viol\u00eancia, sempre atuando de forma preventiva.<\/p>\n\n\n\n<p>Uma vez que nossas alunas se identificam como v\u00edtimas de viol\u00eancia, s\u00e3o inseridas na rede social, jur\u00eddica e psicol\u00f3gica do pr\u00f3prio programa. Ou, ainda direcionadas aos equipamentos municipais e estaduais de atendimento para mulheres. Em casos de viol\u00eancia patrimonial, nossa equipe oferece cursos profissionalizantes e de empreendedorismo para que as mulheres obtenham autonomia financeira, e consigam romper o ciclo da viol\u00eancia.<\/p>\n\n\n\n<p>Hoje, s\u00e3o 68 polos ativos por todo territ\u00f3rio fluminense e cerca de um milh\u00e3o e trezentas mil mulheres assistidas.<\/p>\n","protected":false},"excerpt":{"rendered":"<p>Atividade que ocorrer\u00e1 aos s\u00e1bados, at\u00e9 01\/02, auxiliar\u00e1 na qualifica\u00e7\u00e3o do atendimento nos polos em<\/p>\n","protected":false},"author":2,"featured_media":97294,"comment_status":"open","ping_status":"open","sticky":false,"template":"","format":"standard","meta":{"footnotes":""},"categories":[17],"tags":[],"class_list":["post-97293","post","type-post","status-publish","format-standard","has-post-thumbnail","hentry","category-outras-noticias"],"_links":{"self":[{"href":"https:\/\/tvc16.com\/portal\/wp-json\/wp\/v2\/posts\/97293","targetHints":{"allow":["GET"]}}],"collection":[{"href":"https:\/\/tvc16.com\/portal\/wp-json\/wp\/v2\/posts"}],"about":[{"href":"https:\/\/tvc16.com\/portal\/wp-json\/wp\/v2\/types\/post"}],"author":[{"embeddable":true,"href":"https:\/\/tvc16.com\/portal\/wp-json\/wp\/v2\/users\/2"}],"replies":[{"embeddable":true,"href":"https:\/\/tvc16.com\/portal\/wp-json\/wp\/v2\/comments?post=97293"}],"version-history":[{"count":1,"href":"https:\/\/tvc16.com\/portal\/wp-json\/wp\/v2\/posts\/97293\/revisions"}],"predecessor-version":[{"id":97295,"href":"https:\/\/tvc16.com\/portal\/wp-json\/wp\/v2\/posts\/97293\/revisions\/97295"}],"wp:featuredmedia":[{"embeddable":true,"href":"https:\/\/tvc16.com\/portal\/wp-json\/wp\/v2\/media\/97294"}],"wp:attachment":[{"href":"https:\/\/tvc16.com\/portal\/wp-json\/wp\/v2\/media?parent=97293"}],"wp:term":[{"taxonomy":"category","embeddable":true,"href":"https:\/\/tvc16.com\/portal\/wp-json\/wp\/v2\/categories?post=97293"},{"taxonomy":"post_tag","embeddable":true,"href":"https:\/\/tvc16.com\/portal\/wp-json\/wp\/v2\/tags?post=97293"}],"curies":[{"name":"wp","href":"https:\/\/api.w.org\/{rel}","templated":true}]}}