{"id":97296,"date":"2025-01-14T08:40:41","date_gmt":"2025-01-14T11:40:41","guid":{"rendered":"https:\/\/tvc16.com\/portal\/?p=97296"},"modified":"2025-01-14T08:41:05","modified_gmt":"2025-01-14T11:41:05","slug":"upam-tres-picos-identifica-indicios-de-desmatamento-em-nova-friburgo","status":"publish","type":"post","link":"https:\/\/tvc16.com\/portal\/2025\/01\/14\/upam-tres-picos-identifica-indicios-de-desmatamento-em-nova-friburgo\/","title":{"rendered":"UPAm Tr\u00eas Picos identifica ind\u00edcios de desmatamento em Nova Friburgo"},"content":{"rendered":"\n<p>Policiais Militares lotados na Unidade de Policiamento Ambiental do Parque Estadual dos Tr\u00eas Picos, subordinados ao Comando de Pol\u00edcia Ambiental, identificaram nesta segunda-feira (13), o crime de desmatamento degradando cerca de 400 metros quadrados de \u00e1rea em Nova Friburgo, na regi\u00e3o serrana. Os agentes chegaram ao local ap\u00f3s envio de den\u00fancia recebida pelo Linha Verde (0300 253 1177) \u2013 programa do Disque Den\u00fancia voltado para meio ambiente.<\/p>\n\n\n\n<p>De posse das informa\u00e7\u00f5es, a equipe da 5\u00aa UPAm se dirigiu ao bairro Riograndina, onde na Rua Luiz Cunha, observaram a supress\u00e3o de vegeta\u00e7\u00e3o secund\u00e1ria, em est\u00e1gio inicial e m\u00e9dio de regenera\u00e7\u00e3o do bioma mata atl\u00e2ntica, constatando assim a veracidade da den\u00fancia. Segundo os agentes, dilig\u00eancias foram realizadas no entorno, mas n\u00e3o foram encontrados os respons\u00e1veis, tampouco placas indicativas de licenciamento. Diante da situa\u00e7\u00e3o e com base no artigo 38 da lei 9605\/98, os policiais se deslocaram \u00e0 151\u00aa DP, onde a ocorr\u00eancia foi registrada.<\/p>\n\n\n\n<p>Dados do programa Linha Verde mostram um aumento de 44% nas den\u00fancias recebidas do munic\u00edpio de Nova Friburgo. Em 2024, foram cadastradas 304 den\u00fancias de crimes ambientais, contra 210 em 2023.<\/p>\n\n\n\n<p>Para denunciar crimes ambientais ao Linha Verde, a popula\u00e7\u00e3o pode ligar 24 horas, sete dias da semana, para o telefone (21) 2253-1177 e para o 0300 253 1177, ambos com WhatsApp anonimizado&nbsp;&#8211; t\u00e9cnica de processamento de dados que remove ou modifica informa\u00e7\u00f5es que possam identificar uma pessoa, ou ent\u00e3o pelo App &#8220;Disque Den\u00fancia RJ&#8221;. \u00c9 poss\u00edvel denunciar ainda pelo site do Disque Den\u00fancia (www.disquedenuncia.org.br) ou ainda pela FanPage do Linha Verde no facebook (<a href=\"http:\/\/www.facebook.com\/linhaverdedd\">www.facebook.com\/linhaverdedd<\/a>).<\/p>\n\n\n\n<p>LINHA VERDE, o Disque Den\u00fancia do Meio Ambiente<\/p>\n","protected":false},"excerpt":{"rendered":"<p>Policiais Militares lotados na Unidade de Policiamento Ambiental do Parque Estadual dos Tr\u00eas Picos, subordinados<\/p>\n","protected":false},"author":2,"featured_media":97297,"comment_status":"open","ping_status":"open","sticky":false,"template":"","format":"standard","meta":{"footnotes":""},"categories":[17],"tags":[],"class_list":["post-97296","post","type-post","status-publish","format-standard","has-post-thumbnail","hentry","category-outras-noticias"],"_links":{"self":[{"href":"https:\/\/tvc16.com\/portal\/wp-json\/wp\/v2\/posts\/97296","targetHints":{"allow":["GET"]}}],"collection":[{"href":"https:\/\/tvc16.com\/portal\/wp-json\/wp\/v2\/posts"}],"about":[{"href":"https:\/\/tvc16.com\/portal\/wp-json\/wp\/v2\/types\/post"}],"author":[{"embeddable":true,"href":"https:\/\/tvc16.com\/portal\/wp-json\/wp\/v2\/users\/2"}],"replies":[{"embeddable":true,"href":"https:\/\/tvc16.com\/portal\/wp-json\/wp\/v2\/comments?post=97296"}],"version-history":[{"count":1,"href":"https:\/\/tvc16.com\/portal\/wp-json\/wp\/v2\/posts\/97296\/revisions"}],"predecessor-version":[{"id":97298,"href":"https:\/\/tvc16.com\/portal\/wp-json\/wp\/v2\/posts\/97296\/revisions\/97298"}],"wp:featuredmedia":[{"embeddable":true,"href":"https:\/\/tvc16.com\/portal\/wp-json\/wp\/v2\/media\/97297"}],"wp:attachment":[{"href":"https:\/\/tvc16.com\/portal\/wp-json\/wp\/v2\/media?parent=97296"}],"wp:term":[{"taxonomy":"category","embeddable":true,"href":"https:\/\/tvc16.com\/portal\/wp-json\/wp\/v2\/categories?post=97296"},{"taxonomy":"post_tag","embeddable":true,"href":"https:\/\/tvc16.com\/portal\/wp-json\/wp\/v2\/tags?post=97296"}],"curies":[{"name":"wp","href":"https:\/\/api.w.org\/{rel}","templated":true}]}}