{"id":97299,"date":"2025-01-14T09:45:14","date_gmt":"2025-01-14T12:45:14","guid":{"rendered":"https:\/\/tvc16.com\/portal\/?p=97299"},"modified":"2025-01-14T09:45:17","modified_gmt":"2025-01-14T12:45:17","slug":"saude-reforca-monitoramento-e-acoes-de-controle-da-dengue-em-4-estados","status":"publish","type":"post","link":"https:\/\/tvc16.com\/portal\/2025\/01\/14\/saude-reforca-monitoramento-e-acoes-de-controle-da-dengue-em-4-estados\/","title":{"rendered":"Sa\u00fade refor\u00e7a monitoramento e a\u00e7\u00f5es de controle da dengue em 4 estados"},"content":{"rendered":"\n<p><em>Visitas das equipes t\u00e9cnicas come\u00e7am nesta segunda-feira (13)<\/em><\/p>\n\n\n\n<p>Por Lucas Pordeus Le\u00f3n &#8211; Rep\u00f3rter da Ag\u00eancia Brasil \/ Foto: Wesley Mcallister\/AscomAGU<br><br><\/p>\n\n\n\n<p>O Minist\u00e9rio da Sa\u00fade informou que vai enviar, ainda nesta semana, equipes t\u00e9cnicas a quatro estados brasileiros com o objetivo de apoiar a\u00e7\u00f5es locais para o controle de arboviroses, incluindo a dengue. \u201cA miss\u00e3o busca fortalecer a vigil\u00e2ncia epidemiol\u00f3gica, a assist\u00eancia \u00e0 popula\u00e7\u00e3o e a reorganiza\u00e7\u00e3o dos servi\u00e7os de sa\u00fade\u201d, destacou a pasta, em nota.<img decoding=\"async\" src=\"https:\/\/agenciabrasil.ebc.com.br\/ebc.png?id=1626669&amp;o=node\"><img decoding=\"async\" src=\"https:\/\/agenciabrasil.ebc.com.br\/ebc.gif?id=1626669&amp;o=node\"><\/p>\n\n\n\n<p>A previs\u00e3o \u00e9 que a capital do Esp\u00edrito Santo, Vit\u00f3ria, receba a visita da equipe t\u00e9cnica nesta segunda-feira (13). Tamb\u00e9m est\u00e3o no cronograma das visitas de hoje as cidades de S\u00e3o Jos\u00e9 do Rio Preto (SP) e Rio Branco (AC). Na ter\u00e7a-feira (14), Foz do Igua\u00e7u (PR) vai receber a miss\u00e3o do minist\u00e9rio.<\/p>\n\n\n\n<p>\u201cA a\u00e7\u00e3o de vigil\u00e2ncia \u00e9 parte dos esfor\u00e7os do Minist\u00e9rio da Sa\u00fade para o controle da dengue e ouras arboviroses \u2013 antecipando atividades de preven\u00e7\u00e3o para o per\u00edodo sazonal da doen\u00e7a\u201d, destacou o comunicado. Na \u00faltima quinta-feira (9), a pasta&nbsp;<a href=\"https:\/\/agenciabrasil.ebc.com.br\/saude\/noticia\/2025-01\/governo-lanca-acoes-para-se-antecipar-periodo-de-alta-da-dengue\" target=\"_blank\" rel=\"noreferrer noopener\">instalou o Centro de Opera\u00e7\u00f5es de Emerg\u00eancia (COE) para Dengue e outras Arboviroses<\/a>&nbsp;para acompanhar a situa\u00e7\u00e3o em todo o pa\u00eds.<\/p>\n\n\n\n<p>Al\u00e9m do suporte t\u00e9cnico, estados e munic\u00edpios que receberem a visita ser\u00e3o orientados a manter a\u00e7\u00f5es de educa\u00e7\u00e3o em sa\u00fade e mobiliza\u00e7\u00e3o social para eliminar criadouros de mosquitos que transmitem doen\u00e7as, como o&nbsp;<em>Aedes aegypti<\/em>.<\/p>\n\n\n\n<p>Desde 2023, o Minist\u00e9rio da Sa\u00fade est\u00e1 em constante monitoramento e alerta quanto ao cen\u00e1rio epidemiol\u00f3gico no pa\u00eds, coordenando uma s\u00e9rie de a\u00e7\u00f5es para o controle das arboviroses em todo o territ\u00f3rio nacional. Foi reservado o montante de R$ 1,5 bilh\u00e3o para fortalecer as a\u00e7\u00f5es.<\/p>\n\n\n\n<p>Confira o cen\u00e1rio epidemiol\u00f3gico nas regi\u00f5es a serem visitadas pelo minist\u00e9rio:<\/p>\n\n\n\n<p>&#8211;&nbsp;<strong>S\u00e3o Paulo<\/strong>: registrou 2.181.372 casos prov\u00e1veis de dengue em 2024. Em 2025, foram notificados 7,3 mil casos at\u00e9 o momento. Em S\u00e3o Jos\u00e9 do Rio Preto, foram 35.678 notifica\u00e7\u00f5es em 2024 e 1.834 casos prov\u00e1veis de dengue at\u00e9 agora em 2025;<\/p>\n\n\n\n<p>&#8211;&nbsp;<strong>Paran\u00e1<\/strong>: registrou 655.488 casos prov\u00e1veis de dengue em 2024. Em 2025, foram notificados 1.327 casos at\u00e9 o momento. Em Foz do Igua\u00e7u, j\u00e1 foram 15.611 notifica\u00e7\u00f5es em 2024 e 91 casos prov\u00e1veis de dengue em 2025;<\/p>\n\n\n\n<p>&#8211;&nbsp;<strong>Acre<\/strong>: registrou 7.409 casos prov\u00e1veis de dengue em 2024. Em 2025, foram notificados 412 casos at\u00e9 o momento. Em Rio Branco, foram 1.579 notifica\u00e7\u00f5es em 2024 e 212 casos prov\u00e1veis de dengue at\u00e9 agora em 2025;<\/p>\n\n\n\n<p>&#8211;&nbsp;<strong>Esp\u00edrito Santo:<\/strong>&nbsp;registrou 163 mil casos prov\u00e1veis de dengue em 2024. Em 2025, foram notificados 3.778 casos at\u00e9 o momento. Em Vit\u00f3ria, foram 18.598 notifica\u00e7\u00f5es em 2024 e 247 casos prov\u00e1veis de dengue at\u00e9 o momento em 2025.<\/p>\n\n\n\n<h2 class=\"wp-block-heading\">Brasil<\/h2>\n\n\n\n<p>Dados da pasta indicam que, para 2025, h\u00e1 previs\u00e3o de aumento na incid\u00eancia de casos de dengue em pelo menos seis estados brasileiros: S\u00e3o Paulo, Rio de Janeiro, Esp\u00edrito Santo, Tocantins, Mato Grosso do Sul e Paran\u00e1. Todos eles, segundo o minist\u00e9rio, est\u00e3o sendo monitorados \u201cainda mais de perto\u201d.<\/p>\n\n\n\n<p><\/p>\n","protected":false},"excerpt":{"rendered":"<p>Visitas das equipes t\u00e9cnicas come\u00e7am nesta segunda-feira (13) Por Lucas Pordeus Le\u00f3n &#8211; Rep\u00f3rter da<\/p>\n","protected":false},"author":2,"featured_media":97301,"comment_status":"open","ping_status":"open","sticky":false,"template":"","format":"standard","meta":{"footnotes":""},"categories":[17],"tags":[],"class_list":["post-97299","post","type-post","status-publish","format-standard","has-post-thumbnail","hentry","category-outras-noticias"],"_links":{"self":[{"href":"https:\/\/tvc16.com\/portal\/wp-json\/wp\/v2\/posts\/97299","targetHints":{"allow":["GET"]}}],"collection":[{"href":"https:\/\/tvc16.com\/portal\/wp-json\/wp\/v2\/posts"}],"about":[{"href":"https:\/\/tvc16.com\/portal\/wp-json\/wp\/v2\/types\/post"}],"author":[{"embeddable":true,"href":"https:\/\/tvc16.com\/portal\/wp-json\/wp\/v2\/users\/2"}],"replies":[{"embeddable":true,"href":"https:\/\/tvc16.com\/portal\/wp-json\/wp\/v2\/comments?post=97299"}],"version-history":[{"count":1,"href":"https:\/\/tvc16.com\/portal\/wp-json\/wp\/v2\/posts\/97299\/revisions"}],"predecessor-version":[{"id":97302,"href":"https:\/\/tvc16.com\/portal\/wp-json\/wp\/v2\/posts\/97299\/revisions\/97302"}],"wp:featuredmedia":[{"embeddable":true,"href":"https:\/\/tvc16.com\/portal\/wp-json\/wp\/v2\/media\/97301"}],"wp:attachment":[{"href":"https:\/\/tvc16.com\/portal\/wp-json\/wp\/v2\/media?parent=97299"}],"wp:term":[{"taxonomy":"category","embeddable":true,"href":"https:\/\/tvc16.com\/portal\/wp-json\/wp\/v2\/categories?post=97299"},{"taxonomy":"post_tag","embeddable":true,"href":"https:\/\/tvc16.com\/portal\/wp-json\/wp\/v2\/tags?post=97299"}],"curies":[{"name":"wp","href":"https:\/\/api.w.org\/{rel}","templated":true}]}}