{"id":97306,"date":"2025-01-14T11:27:28","date_gmt":"2025-01-14T14:27:28","guid":{"rendered":"https:\/\/tvc16.com\/portal\/?p=97306"},"modified":"2025-01-14T11:27:55","modified_gmt":"2025-01-14T14:27:55","slug":"seguem-abertas-as-inscricoes-para-o-premio-guerra-peixe","status":"publish","type":"post","link":"https:\/\/tvc16.com\/portal\/2025\/01\/14\/seguem-abertas-as-inscricoes-para-o-premio-guerra-peixe\/","title":{"rendered":"Seguem abertas as inscri\u00e7\u00f5es para o pr\u00eamio Guerra-Peixe"},"content":{"rendered":"\n<p><em>O pr\u00eamio mais importante de reconhecimento cultural da Regi\u00e3o Serrana do Estado do Rio de Janeiro vai premiar artistas da cidade de Petr\u00f3polis em 11 categorias<\/em><\/p>\n\n\n\n<p>Seguem abertas as inscri\u00e7\u00f5es para a 15\u00aa edi\u00e7\u00e3o do pr\u00eamio Guerra-Peixe, que vai premiar artistas em 11 categorias, como m\u00fasica popular e erudita, teatro, dan\u00e7a, literatura, artes visuais, entre outras. Ser\u00e3o quatro indicados por categoria. At\u00e9 o momento mais de 40 inscri\u00e7\u00f5es foram recebidas pelo Instituto Municipal de Cultura (IMC), que organiza o evento, em conjunto com a Prefeitura de Petr\u00f3polis.<\/p>\n\n\n\n<p>&#8220;S\u00e3o 15 edi\u00e7\u00f5es desse que \u00e9 o pr\u00eamio mais relevante da cultura na cidade de Petr\u00f3polis. Come\u00e7ou l\u00e1 em 2009 e vem, ao longo desses anos, reconhecendo os talentos da nossa cidade. Um pr\u00eamio, que celebra a cultura e estimula o fomento da arte em diversos seguimentos&#8221;, pontou o prefeito Hingo Hammes.<\/p>\n\n\n\n<p>As inscri\u00e7\u00f5es s\u00e3o feitas por formul\u00e1rio, de forma virtual, que est\u00e1 dispon\u00edvel no site da prefeitura. &#8220;Depois disso, uma comiss\u00e3o, formada por nove membros da sociedade civil e servidores de carreira, todos ligados \u00e0 \u00e1rea da cultura e do entretenimento em Petr\u00f3polis, vai escolher os trabalhos que foram destaques no ano de 2024&#8221;, destaca o secret\u00e1rio de Cultura, Adenilson Honorato.<\/p>\n\n\n\n<p>O pr\u00eamio Guerra-Peixe acontece tradicionalmente no primeiro semestre de cada ano, premiando os destaques do ano anterior. Na edi\u00e7\u00e3o de 2025 a data limite para que seja feita a inscri\u00e7\u00e3o at\u00e9 o dia 20 de fevereiro.<\/p>\n\n\n\n<p>As inscri\u00e7\u00f5es devem ser feitas pelo site da Prefeitura (petropolis.rj.gov.br). Pedidos de informa\u00e7\u00f5es e esclarecimentos pelo telefone (24) 2233 1222 ou pelo e-mail: premioguerrapeixe@petropolis.rj.gov.br.<\/p>\n","protected":false},"excerpt":{"rendered":"<p>O pr\u00eamio mais importante de reconhecimento cultural da Regi\u00e3o Serrana do Estado do Rio de<\/p>\n","protected":false},"author":2,"featured_media":97307,"comment_status":"open","ping_status":"open","sticky":false,"template":"","format":"standard","meta":{"footnotes":""},"categories":[12],"tags":[],"class_list":["post-97306","post","type-post","status-publish","format-standard","has-post-thumbnail","hentry","category-cidade"],"_links":{"self":[{"href":"https:\/\/tvc16.com\/portal\/wp-json\/wp\/v2\/posts\/97306","targetHints":{"allow":["GET"]}}],"collection":[{"href":"https:\/\/tvc16.com\/portal\/wp-json\/wp\/v2\/posts"}],"about":[{"href":"https:\/\/tvc16.com\/portal\/wp-json\/wp\/v2\/types\/post"}],"author":[{"embeddable":true,"href":"https:\/\/tvc16.com\/portal\/wp-json\/wp\/v2\/users\/2"}],"replies":[{"embeddable":true,"href":"https:\/\/tvc16.com\/portal\/wp-json\/wp\/v2\/comments?post=97306"}],"version-history":[{"count":1,"href":"https:\/\/tvc16.com\/portal\/wp-json\/wp\/v2\/posts\/97306\/revisions"}],"predecessor-version":[{"id":97308,"href":"https:\/\/tvc16.com\/portal\/wp-json\/wp\/v2\/posts\/97306\/revisions\/97308"}],"wp:featuredmedia":[{"embeddable":true,"href":"https:\/\/tvc16.com\/portal\/wp-json\/wp\/v2\/media\/97307"}],"wp:attachment":[{"href":"https:\/\/tvc16.com\/portal\/wp-json\/wp\/v2\/media?parent=97306"}],"wp:term":[{"taxonomy":"category","embeddable":true,"href":"https:\/\/tvc16.com\/portal\/wp-json\/wp\/v2\/categories?post=97306"},{"taxonomy":"post_tag","embeddable":true,"href":"https:\/\/tvc16.com\/portal\/wp-json\/wp\/v2\/tags?post=97306"}],"curies":[{"name":"wp","href":"https:\/\/api.w.org\/{rel}","templated":true}]}}