{"id":97310,"date":"2025-01-15T05:00:00","date_gmt":"2025-01-15T08:00:00","guid":{"rendered":"https:\/\/tvc16.com\/portal\/?p=97310"},"modified":"2025-01-14T15:28:24","modified_gmt":"2025-01-14T18:28:24","slug":"secretaria-de-estado-da-mulher-visita-petropolis-e-conhece-os-equipamentos-da-rede-de-protecao-a-mulher-vitima-de-violencia","status":"publish","type":"post","link":"https:\/\/tvc16.com\/portal\/2025\/01\/15\/secretaria-de-estado-da-mulher-visita-petropolis-e-conhece-os-equipamentos-da-rede-de-protecao-a-mulher-vitima-de-violencia\/","title":{"rendered":"Secret\u00e1ria de Estado da Mulher visita Petr\u00f3polis e conhece os equipamentos da rede de prote\u00e7\u00e3o \u00e0 mulher v\u00edtima de viol\u00eancia"},"content":{"rendered":"\n<p>A secret\u00e1ria de Estado da Mulher, Heloisa Aguiar, ao lado da secret\u00e1ria de Pol\u00edticas P\u00fablicas para Mulheres de Petr\u00f3polis, Gilda Beatriz, visitou os equipamentos da rede de prote\u00e7\u00e3o \u00e0 mulher v\u00edtima de viol\u00eancia na cidade. O encontro aconteceu na segunda-feira (13.01).<\/p>\n\n\n\n<p>Al\u00e9m da sede da Secretaria de Pol\u00edticas P\u00fablicas para as Mulheres, o Centro de Refer\u00eancia de Atendimento \u00e0 Mulher (Cram), localizado na Rua Santos Dumont (pr\u00e9dio anexo ao Centro de Sa\u00fade), no Centro, e a Sala Lil\u00e1s do Posto Regional de Pol\u00edcia T\u00e9cnico-Cient\u00edfica (PRPTC), localizado em pr\u00e9dio anexo ao Hospital Alcides Carneiro (HAC), foram os equipamentos visitados pela comitiva do Estado.<\/p>\n\n\n\n<p>\u201c\u00c9 muito importante para n\u00f3s ampliarmos essa parceria com o Estado e poder desenvolver a\u00e7\u00f5es em conjunto pensando na prote\u00e7\u00e3o da mulher v\u00edtima de viol\u00eancia\u201d, disse a secret\u00e1ria de Pol\u00edticas P\u00fablicas para as Mulheres, Gilda Beatriz.<\/p>\n\n\n\n<p>O trabalho desenvolvido pela Sala Lil\u00e1s recebeu elogios da comitiva. O equipamento foi inaugurado em 2020, um dos primeiros do Estado. Com uma equipe especializada e multidisciplinar, a Sala Lil\u00e1s atende as v\u00edtimas referenciadas pelas delegacias. O projeto \u00e9 uma parceria da Prefeitura de Petr\u00f3polis, com o Governo do Estado, a Universidade Arthur S\u00e1 Earp Neto (Unifase) e a Pol\u00edcia Civil (PC).<\/p>\n\n\n\n<p>\u201cO que \u00e9 desenvolvido por essa equipe servir\u00e1 de modelo para outros munic\u00edpios. \u00c9 preciso replicar esse modelo feito com tanto comprometimento e acolhimento. Sa\u00edmos dessa visita certas de que muitas parcerias ser\u00e3o firmadas em prol das mulheres petropolitanas, incluindo projetos de autonomia econ\u00f4mica e capacita\u00e7\u00e3o profissional\u201d, ressaltou a secret\u00e1ria de Estado da Mulher, Heloisa Aguiar.<\/p>\n\n\n\n<p>Durante o encontro tamb\u00e9m foram apresentadas as pe\u00e7as da pr\u00e9-campanha do Governo do Estado que ser\u00e3o disponibilizadas para os munic\u00edpios, contra o ass\u00e9dio sexual durante o Carnaval 2025.<\/p>\n\n\n\n<p>O encontro tamb\u00e9m contou com a presen\u00e7a da secret\u00e1ria de Assist\u00eancia Social, Adriana Kreischer; a secret\u00e1ria chefe de gabinete, Ros\u00e2ngela Stumpf; a controladora-geral do munic\u00edpio, Juliana Salvini; a presidente da Comdep, Fernanda Ferreira, e a chefe do PRPTC, Mary Laura Villar.<\/p>\n","protected":false},"excerpt":{"rendered":"<p>A secret\u00e1ria de Estado da Mulher, Heloisa Aguiar, ao lado da secret\u00e1ria de Pol\u00edticas P\u00fablicas<\/p>\n","protected":false},"author":2,"featured_media":97311,"comment_status":"open","ping_status":"open","sticky":false,"template":"","format":"standard","meta":{"footnotes":""},"categories":[12],"tags":[],"class_list":["post-97310","post","type-post","status-publish","format-standard","has-post-thumbnail","hentry","category-cidade"],"_links":{"self":[{"href":"https:\/\/tvc16.com\/portal\/wp-json\/wp\/v2\/posts\/97310","targetHints":{"allow":["GET"]}}],"collection":[{"href":"https:\/\/tvc16.com\/portal\/wp-json\/wp\/v2\/posts"}],"about":[{"href":"https:\/\/tvc16.com\/portal\/wp-json\/wp\/v2\/types\/post"}],"author":[{"embeddable":true,"href":"https:\/\/tvc16.com\/portal\/wp-json\/wp\/v2\/users\/2"}],"replies":[{"embeddable":true,"href":"https:\/\/tvc16.com\/portal\/wp-json\/wp\/v2\/comments?post=97310"}],"version-history":[{"count":1,"href":"https:\/\/tvc16.com\/portal\/wp-json\/wp\/v2\/posts\/97310\/revisions"}],"predecessor-version":[{"id":97312,"href":"https:\/\/tvc16.com\/portal\/wp-json\/wp\/v2\/posts\/97310\/revisions\/97312"}],"wp:featuredmedia":[{"embeddable":true,"href":"https:\/\/tvc16.com\/portal\/wp-json\/wp\/v2\/media\/97311"}],"wp:attachment":[{"href":"https:\/\/tvc16.com\/portal\/wp-json\/wp\/v2\/media?parent=97310"}],"wp:term":[{"taxonomy":"category","embeddable":true,"href":"https:\/\/tvc16.com\/portal\/wp-json\/wp\/v2\/categories?post=97310"},{"taxonomy":"post_tag","embeddable":true,"href":"https:\/\/tvc16.com\/portal\/wp-json\/wp\/v2\/tags?post=97310"}],"curies":[{"name":"wp","href":"https:\/\/api.w.org\/{rel}","templated":true}]}}