{"id":97313,"date":"2025-01-15T05:00:00","date_gmt":"2025-01-15T08:00:00","guid":{"rendered":"https:\/\/tvc16.com\/portal\/?p=97313"},"modified":"2025-01-14T16:52:24","modified_gmt":"2025-01-14T19:52:24","slug":"centro-de-cultura-raul-de-leoni-recebe-exposicao-maes-extraordinarias-neste-mes","status":"publish","type":"post","link":"https:\/\/tvc16.com\/portal\/2025\/01\/15\/centro-de-cultura-raul-de-leoni-recebe-exposicao-maes-extraordinarias-neste-mes\/","title":{"rendered":"Centro de Cultura Raul de Leoni recebe exposi\u00e7\u00e3o \u201cM\u00e3es Extraordin\u00e1rias\u201d neste m\u00eas"},"content":{"rendered":"\n<p>A exposi\u00e7\u00e3o \u201cM\u00e3es Extraordin\u00e1rias\u201d, que documenta hist\u00f3rias reais da maternidade em Petr\u00f3polis, ser\u00e1 aberta no dia 25 de janeiro de 2025 no Centro de Cultura Raul de Leoni. O projeto fotogr\u00e1fico foi idealizado por Bel Acosta e tem curadoria de Marcelo Lago. A exposi\u00e7\u00e3o vai apresentar instala\u00e7\u00f5es baseadas em imagens que abordam a maternidade sob uma perspectiva feminista, explorando viv\u00eancias e desafios de oito m\u00e3es reais, que vivem em Petr\u00f3polis. A mostra, que segue at\u00e9 o dia 23 de fevereiro, tem entrada gratuita.<\/p>\n\n\n\n<p>Segundo Bel Acosta, o projeto utiliza a linguagem po\u00e9tica e perform\u00e1tica para trazer um debate sobre o importante papel das m\u00e3es, a paridade de g\u00eanero no ambiente dom\u00e9stico e no mercado de trabalho, al\u00e9m de refletir sobre a import\u00e2ncia de pol\u00edticas p\u00fablicas que ofere\u00e7am maior suporte \u00e0s fam\u00edlias. \u201cO processo de constru\u00e7\u00e3o foi muito profundo e transformador, indo de encontro a marcas e desafios que eu tamb\u00e9m enfrentei como mulher, m\u00e3e e filha. Eu via nas m\u00e3es, e em mim, muitos processos longos e dif\u00edceis em muitos aspectos: seja o de compreender certas expectativas sociais sobre o papel da mulher-m\u00e3e, o de se redescobrir com uma nova identidade depois da maternidade, o da exaust\u00e3o f\u00edsica e mental devido a sobrecarga e&nbsp; tamb\u00e9m em rela\u00e7\u00e3o a uma s\u00e9rie de viol\u00eancias que deixam marcas profundas nas trajet\u00f3rias de n\u00f3s mulheres\u201d, contou.<\/p>\n\n\n\n<p>Bel destaca que o projeto n\u00e3o \u00e9 sobre uma maternidade romantizada, mas sobre os muitos desafios que ela imp\u00f5e \u00e0s mulheres. As personagens compartilham suas experi\u00eancias com a cria\u00e7\u00e3o e cuidados de filhos com paralisia cerebral e autismo severo, desafios e adapta\u00e7\u00f5es com filhos transexuais, al\u00e9m da dor exposta por uma m\u00e3e que sofreu tentativa de feminic\u00eddio por seu ex-companheiro.<\/p>\n\n\n\n<p>Durante os momentos em que esteve junto com essas mulheres, a idealizadora do projeto diz que muitas quest\u00f5es em comum apareceram durante as conversas, como a maternidade total ou parcialmente solo, em rela\u00e7\u00e3o ao genitor, em que as redes de apoio delas geralmente se resumem a outras mulheres.<\/p>\n\n\n\n<p>Al\u00e9m da exposi\u00e7\u00e3o fotogr\u00e1fica, o projeto \u201cM\u00e3es Extraordin\u00e1rias\u201d conta com um filme-document\u00e1rio, que ser\u00e1 exibido nos dias 22 e 23 de fevereiro, fim de semana de encerramento do projeto e contar\u00e1 tamb\u00e9m com rodas de conversa, oficinas gratuitas de artes e fotografia, entre outras atividades.&nbsp;<\/p>\n\n\n\n<p>\u201cTanto a exposi\u00e7\u00e3o quanto o filme-document\u00e1rio prop\u00f5e essa reflex\u00e3o profunda e sens\u00edvel sobre maternidade, identidade e o papel das mulheres na sociedade contempor\u00e2nea, utilizando a arte como ferramenta de di\u00e1logo e transforma\u00e7\u00e3o social\u201d, comenta a autora.<\/p>\n\n\n\n<p>O projeto M\u00e3es Extraordin\u00e1rias \u00e9 realizado pela Prefeitura de Petr\u00f3polis, por meio da Lei Paulo Gustavo, com patroc\u00ednio do Fundo Municipal de Cultura e apoio do Minist\u00e9rio da Cultura do Governo Federal.<\/p>\n\n\n\n<p><strong>Servi\u00e7o:<\/strong><\/p>\n\n\n\n<p>Exposi\u00e7\u00e3o: \u201cM\u00e3es Extraordin\u00e1rias\u201d<\/p>\n\n\n\n<p>Data: 25 de janeiro a 23 de fevereiro de 2025<\/p>\n\n\n\n<p>Local: Centro de Cultura Raul de Leoni<\/p>\n\n\n\n<p>Encerramento com programa\u00e7\u00e3o especial: 22 e 23 de fevereiro<\/p>\n\n\n\n<p>Endere\u00e7o: Pra\u00e7a Visconde de Mau\u00e1, 305 \u2013 Centro, Petr\u00f3polis<\/p>\n\n\n\n<p>Entrada gratuita<\/p>\n\n\n\n<p>Foto: divulga\u00e7\u00e3o <\/p>\n","protected":false},"excerpt":{"rendered":"<p>A exposi\u00e7\u00e3o \u201cM\u00e3es Extraordin\u00e1rias\u201d, que documenta hist\u00f3rias reais da maternidade em Petr\u00f3polis, ser\u00e1 aberta no<\/p>\n","protected":false},"author":2,"featured_media":97314,"comment_status":"open","ping_status":"open","sticky":false,"template":"","format":"standard","meta":{"footnotes":""},"categories":[12],"tags":[],"class_list":["post-97313","post","type-post","status-publish","format-standard","has-post-thumbnail","hentry","category-cidade"],"_links":{"self":[{"href":"https:\/\/tvc16.com\/portal\/wp-json\/wp\/v2\/posts\/97313","targetHints":{"allow":["GET"]}}],"collection":[{"href":"https:\/\/tvc16.com\/portal\/wp-json\/wp\/v2\/posts"}],"about":[{"href":"https:\/\/tvc16.com\/portal\/wp-json\/wp\/v2\/types\/post"}],"author":[{"embeddable":true,"href":"https:\/\/tvc16.com\/portal\/wp-json\/wp\/v2\/users\/2"}],"replies":[{"embeddable":true,"href":"https:\/\/tvc16.com\/portal\/wp-json\/wp\/v2\/comments?post=97313"}],"version-history":[{"count":1,"href":"https:\/\/tvc16.com\/portal\/wp-json\/wp\/v2\/posts\/97313\/revisions"}],"predecessor-version":[{"id":97315,"href":"https:\/\/tvc16.com\/portal\/wp-json\/wp\/v2\/posts\/97313\/revisions\/97315"}],"wp:featuredmedia":[{"embeddable":true,"href":"https:\/\/tvc16.com\/portal\/wp-json\/wp\/v2\/media\/97314"}],"wp:attachment":[{"href":"https:\/\/tvc16.com\/portal\/wp-json\/wp\/v2\/media?parent=97313"}],"wp:term":[{"taxonomy":"category","embeddable":true,"href":"https:\/\/tvc16.com\/portal\/wp-json\/wp\/v2\/categories?post=97313"},{"taxonomy":"post_tag","embeddable":true,"href":"https:\/\/tvc16.com\/portal\/wp-json\/wp\/v2\/tags?post=97313"}],"curies":[{"name":"wp","href":"https:\/\/api.w.org\/{rel}","templated":true}]}}