{"id":97322,"date":"2025-01-15T08:00:11","date_gmt":"2025-01-15T11:00:11","guid":{"rendered":"https:\/\/tvc16.com\/portal\/?p=97322"},"modified":"2025-01-15T08:00:13","modified_gmt":"2025-01-15T11:00:13","slug":"dolar-cai-para-r-604-com-inflacao-moderada-nos-eua","status":"publish","type":"post","link":"https:\/\/tvc16.com\/portal\/2025\/01\/15\/dolar-cai-para-r-604-com-inflacao-moderada-nos-eua\/","title":{"rendered":"D\u00f3lar cai para R$ 6,04 com infla\u00e7\u00e3o moderada nos EUA"},"content":{"rendered":"\n<p><em>Bolsa sobe 0,25% em dia com altas e baixas<\/em><\/p>\n\n\n\n<p>Por Wellton M\u00e1ximo &#8211; Rep\u00f3rter da Ag\u00eancia Brasil \/ Foto: Valter Campanato\/Ag\u00eancia Brasil<\/p>\n\n\n\n<p><\/p>\n\n\n\n<p>O mercado financeiro teve um dia de tr\u00e9gua nesta ter\u00e7a-feira (14), ap\u00f3s a divulga\u00e7\u00e3o da infla\u00e7\u00e3o ao produtor nos Estados Unidos. O d\u00f3lar caiu para o segundo menor valor do ano. A bolsa de valores teve leve alta.<img decoding=\"async\" src=\"https:\/\/agenciabrasil.ebc.com.br\/ebc.png?id=1626819&amp;o=node\"><img decoding=\"async\" src=\"https:\/\/agenciabrasil.ebc.com.br\/ebc.gif?id=1626819&amp;o=node\"><\/p>\n\n\n\n<p>O d\u00f3lar comercial encerrou esta ter\u00e7a vendido a R$ 6,046, com queda de R$ 0,052 (-0,85%). A cota\u00e7\u00e3o abriu pr\u00f3xima da estabilidade, mas passou a cair depois que a infla\u00e7\u00e3o ao produtor norte-americano ter ficado abaixo das expectativas. A moeda encerrou pr\u00f3xima das m\u00ednimas do dia.<\/p>\n\n\n\n<p>Com o desempenho desta ter\u00e7a, o d\u00f3lar acumula queda de 2,14% em 2025. A divisa est\u00e1 no menor valor desde o \u00faltimo dia 9.<\/p>\n\n\n\n<p>O mercado de a\u00e7\u00f5es teve um dia mais vol\u00e1til. O \u00edndice Ibovespa, da B3, fechou aos 119.299 pontos, com alta de 0,25%. O indicador alternou altas e quedas ao longo da sess\u00e3o, at\u00e9 firmar a alta perto do fim das negocia\u00e7\u00f5es, impulsionado por mineradoras e bancos.<\/p>\n\n\n\n<p>Com o Congresso em recesso e sem not\u00edcias relevantes para a economia brasileira, o mercado seguiu o exterior. A infla\u00e7\u00e3o ao produtor nos Estados Unidos ficou em 0,2% em dezembro, abaixo da expectativa do mercado.<\/p>\n\n\n\n<p>A infla\u00e7\u00e3o menor que o esperado aumenta as chances de que o Federal Reserve (Fed, Banco Central norte-americano) corte os juros b\u00e1sicos dos Estados Unidos ainda este semestre. Na semana passada, a divulga\u00e7\u00e3o de que a maior economia do planeta tinha criado mais empregos que o previsto tinha reduzido as chances de corte na primeira metade do ano. Quedas de juros em economias avan\u00e7adas estimulam a migra\u00e7\u00e3o de capitais para pa\u00edses emergentes, como o Brasil.<br><\/p>\n","protected":false},"excerpt":{"rendered":"<p>Bolsa sobe 0,25% em dia com altas e baixas Por Wellton M\u00e1ximo &#8211; Rep\u00f3rter da<\/p>\n","protected":false},"author":2,"featured_media":97323,"comment_status":"open","ping_status":"open","sticky":false,"template":"","format":"standard","meta":{"footnotes":""},"categories":[17],"tags":[],"class_list":["post-97322","post","type-post","status-publish","format-standard","has-post-thumbnail","hentry","category-outras-noticias"],"_links":{"self":[{"href":"https:\/\/tvc16.com\/portal\/wp-json\/wp\/v2\/posts\/97322","targetHints":{"allow":["GET"]}}],"collection":[{"href":"https:\/\/tvc16.com\/portal\/wp-json\/wp\/v2\/posts"}],"about":[{"href":"https:\/\/tvc16.com\/portal\/wp-json\/wp\/v2\/types\/post"}],"author":[{"embeddable":true,"href":"https:\/\/tvc16.com\/portal\/wp-json\/wp\/v2\/users\/2"}],"replies":[{"embeddable":true,"href":"https:\/\/tvc16.com\/portal\/wp-json\/wp\/v2\/comments?post=97322"}],"version-history":[{"count":1,"href":"https:\/\/tvc16.com\/portal\/wp-json\/wp\/v2\/posts\/97322\/revisions"}],"predecessor-version":[{"id":97324,"href":"https:\/\/tvc16.com\/portal\/wp-json\/wp\/v2\/posts\/97322\/revisions\/97324"}],"wp:featuredmedia":[{"embeddable":true,"href":"https:\/\/tvc16.com\/portal\/wp-json\/wp\/v2\/media\/97323"}],"wp:attachment":[{"href":"https:\/\/tvc16.com\/portal\/wp-json\/wp\/v2\/media?parent=97322"}],"wp:term":[{"taxonomy":"category","embeddable":true,"href":"https:\/\/tvc16.com\/portal\/wp-json\/wp\/v2\/categories?post=97322"},{"taxonomy":"post_tag","embeddable":true,"href":"https:\/\/tvc16.com\/portal\/wp-json\/wp\/v2\/tags?post=97322"}],"curies":[{"name":"wp","href":"https:\/\/api.w.org\/{rel}","templated":true}]}}