{"id":97325,"date":"2025-01-15T08:01:47","date_gmt":"2025-01-15T11:01:47","guid":{"rendered":"https:\/\/tvc16.com\/portal\/?p=97325"},"modified":"2025-01-15T08:01:51","modified_gmt":"2025-01-15T11:01:51","slug":"vendas-de-cimento-crescem-em-2024-e-recuperam-perdas-de-dois-anos","status":"publish","type":"post","link":"https:\/\/tvc16.com\/portal\/2025\/01\/15\/vendas-de-cimento-crescem-em-2024-e-recuperam-perdas-de-dois-anos\/","title":{"rendered":"Vendas de cimento crescem em 2024 e recuperam perdas de dois anos"},"content":{"rendered":"\n<p><em>Setor diz que aumento depende de investimento em obras p\u00fablicas<\/em><\/p>\n\n\n\n<p>Por Guilherme Jeronymo \u2013 Rep\u00f3rter da Ag\u00eancia Brasil \/ Foto: Fernando Fraz\u00e3o\/Ag\u00eancia Brasil\/Arquivo<\/p>\n\n\n\n<p><\/p>\n\n\n\n<p>Balan\u00e7o do Sindicato Nacional da Ind\u00fastria de Cimento (SNIC) sobre a produ\u00e7\u00e3o em 2024 revelou crescimento na produ\u00e7\u00e3o anual do insumo, base da constru\u00e7\u00e3o civil e uma das mat\u00e9rias-primas que mais influenciam os pre\u00e7os do setor. Segundo o SNIC, no ano passado, foram vendidas 64,7 milh\u00f5es de toneladas, com aumento de 3,9% em rela\u00e7\u00e3o a 2023 e saldo de 2 milh\u00f5es de toneladas.<br><br>A regi\u00e3o com maior aumento foi a Norte, menor mercado do pa\u00eds, com percentual de 10%, o que representa pouco mais de 10% do que consumiu o Sudeste, onde o crescimento foi de 2,8%. O resultado poderia ter sido melhor, mas os efeitos do clima extremo, com inunda\u00e7\u00f5es no Rio Grande do Sul e secas generalizadas no centro do pa\u00eds, frearam parte das vendas.<img decoding=\"async\" src=\"https:\/\/agenciabrasil.ebc.com.br\/ebc.png?id=1626812&amp;o=node\"><img decoding=\"async\" src=\"https:\/\/agenciabrasil.ebc.com.br\/ebc.gif?id=1626812&amp;o=node\"><\/p>\n\n\n\n<p>O setor vinha de duas quedas consecutivas, de 2,8% em 2022 e de 0,89% em 2023. O patamar atual ainda est\u00e1 quase 10 milh\u00f5es de toneladas abaixo do comercializado em 2014, quando foram vendidas 73 milh\u00f5es de toneladas de cimento no pa\u00eds. \u00c0 \u00e9poca, o Programa de Acelera\u00e7\u00e3o do Crescimento (PAC) 2 havia aumentado os investimentos em infraestrutura, pouco antes da crise econ\u00f4mica, que durou at\u00e9 2017 e impactou investimentos p\u00fablicos e privados no setor.<\/p>\n\n\n\n<p>Em nota, o Sindicato Nacional da Ind\u00fastria de Cimento atribuiu o desempenho positivo \u00e0 melhora continua do mercado de trabalho e da renda da popula\u00e7\u00e3o, com aumento de massa salarial e aquecimento do mercado imobili\u00e1rio, puxados pela retomada de obras do programa Minha Casa, Minha Vida.<br><br>O setor da constru\u00e7\u00e3o civil, por\u00e9m, teve press\u00e3o contr\u00e1ria aos investimentos com o aumento das taxas de juros, do custo da m\u00e3o de obra e com a manuten\u00e7\u00e3o de patamares elevados de endividamento e inadimpl\u00eancia. A entidade patronal demonstrou preocupa\u00e7\u00e3o com a diminui\u00e7\u00e3o dos recursos para financiamento habitacional e o aumento do comprometimento da renda das fam\u00edlias, com impacto inclusive do aumento das apostas esportivas no or\u00e7amento das fam\u00edlias. Para o setor, em um racioc\u00ednio direto, menos dinheiro circulando significa menos investimento em novos im\u00f3veis e tamb\u00e9m em pequenas reformas, pois as vendas de varejo ainda t\u00eam peso consider\u00e1vel no setor, estimado em mais de 50% das vendas totais.<\/p>\n\n\n\n<p>Representantes da constru\u00e7\u00e3o civil criticaram a demora na libera\u00e7\u00e3o de recursos do m\u00f3dulo atual do&nbsp; PAC, que sofreu cortes. Para a ind\u00fastria, h\u00e1 d\u00favidas tamb\u00e9m com o comportamento do mercado externo, pois o pre\u00e7o do d\u00f3lar afeta a constru\u00e7\u00e3o civil e os investimentos em infraestrutura. Tal impacto pode ser diminu\u00eddo com a regula\u00e7\u00e3o do mercado de carbono no pa\u00eds, pois o setor tem aumentado o volume de res\u00edduos industriais usados como mat\u00e9ria-prima para o cimento, diminuindo o consumo de combust\u00edveis f\u00f3sseis, principalmente na alimenta\u00e7\u00e3o de fornos industriais.<\/p>\n\n\n\n<p>A nota t\u00e9cnica do sindicato prev\u00ea ainda crescimento na casa de 1% este ano, atrelado \u00e0 concretiza\u00e7\u00e3o de investimentos previstos em projetos de habita\u00e7\u00e3o, saneamento e log\u00edstica, que tem previs\u00e3o de rodadas de concess\u00e3o ainda no primeiro semestre de 2025.<br><\/p>\n","protected":false},"excerpt":{"rendered":"<p>Setor diz que aumento depende de investimento em obras p\u00fablicas Por Guilherme Jeronymo \u2013 Rep\u00f3rter<\/p>\n","protected":false},"author":2,"featured_media":97326,"comment_status":"open","ping_status":"open","sticky":false,"template":"","format":"standard","meta":{"footnotes":""},"categories":[17],"tags":[],"class_list":["post-97325","post","type-post","status-publish","format-standard","has-post-thumbnail","hentry","category-outras-noticias"],"_links":{"self":[{"href":"https:\/\/tvc16.com\/portal\/wp-json\/wp\/v2\/posts\/97325","targetHints":{"allow":["GET"]}}],"collection":[{"href":"https:\/\/tvc16.com\/portal\/wp-json\/wp\/v2\/posts"}],"about":[{"href":"https:\/\/tvc16.com\/portal\/wp-json\/wp\/v2\/types\/post"}],"author":[{"embeddable":true,"href":"https:\/\/tvc16.com\/portal\/wp-json\/wp\/v2\/users\/2"}],"replies":[{"embeddable":true,"href":"https:\/\/tvc16.com\/portal\/wp-json\/wp\/v2\/comments?post=97325"}],"version-history":[{"count":1,"href":"https:\/\/tvc16.com\/portal\/wp-json\/wp\/v2\/posts\/97325\/revisions"}],"predecessor-version":[{"id":97327,"href":"https:\/\/tvc16.com\/portal\/wp-json\/wp\/v2\/posts\/97325\/revisions\/97327"}],"wp:featuredmedia":[{"embeddable":true,"href":"https:\/\/tvc16.com\/portal\/wp-json\/wp\/v2\/media\/97326"}],"wp:attachment":[{"href":"https:\/\/tvc16.com\/portal\/wp-json\/wp\/v2\/media?parent=97325"}],"wp:term":[{"taxonomy":"category","embeddable":true,"href":"https:\/\/tvc16.com\/portal\/wp-json\/wp\/v2\/categories?post=97325"},{"taxonomy":"post_tag","embeddable":true,"href":"https:\/\/tvc16.com\/portal\/wp-json\/wp\/v2\/tags?post=97325"}],"curies":[{"name":"wp","href":"https:\/\/api.w.org\/{rel}","templated":true}]}}