{"id":97334,"date":"2025-01-15T08:06:10","date_gmt":"2025-01-15T11:06:10","guid":{"rendered":"https:\/\/tvc16.com\/portal\/?p=97334"},"modified":"2025-01-15T08:06:16","modified_gmt":"2025-01-15T11:06:16","slug":"cnu-governo-antecipa-resultado-final-para-4-de-fevereiro","status":"publish","type":"post","link":"https:\/\/tvc16.com\/portal\/2025\/01\/15\/cnu-governo-antecipa-resultado-final-para-4-de-fevereiro\/","title":{"rendered":"CNU: governo antecipa resultado final para 4 de fevereiro"},"content":{"rendered":"\n<p><em>Na mesma data, haver\u00e1 convoca\u00e7\u00e3o para cursos de forma\u00e7\u00e3o<\/em><\/p>\n\n\n\n<p>Por Pedro Peduzzi &#8211; Rep\u00f3rter da Ag\u00eancia Brasil \/ Foto: Bruno Peres\/Ag\u00eancia Brasil<\/p>\n\n\n\n<p><\/p>\n\n\n\n<p>O Minist\u00e9rio da Gest\u00e3o e da Inova\u00e7\u00e3o em Servi\u00e7os P\u00fablicos (MGI) antecipou o calend\u00e1rio para o Concurso Nacional Unificado (CNU). O resultado sair\u00e1 com uma semana de anteced\u00eancia, no dia 4 de fevereiro. Nessa&nbsp;data, ter\u00e1 in\u00edcio o prazo para a confirma\u00e7\u00e3o de participa\u00e7\u00e3o nos cursos de forma\u00e7\u00e3o previstos para os blocos 1 a 7. No caso do bloco 8, de ensino m\u00e9dio, n\u00e3o ser\u00e1 necess\u00e1rio, aos aprovados, fazerem o curso.<img decoding=\"async\" src=\"https:\/\/agenciabrasil.ebc.com.br\/ebc.png?id=1626784&amp;o=node\"><img decoding=\"async\" src=\"https:\/\/agenciabrasil.ebc.com.br\/ebc.gif?id=1626784&amp;o=node\"><\/p>\n\n\n\n<p>As informa\u00e7\u00f5es foram dadas&nbsp;pela ministra Esther Dweck na tarde desta ter\u00e7a-feira (14), em coletiva de imprensa.<\/p>\n\n\n\n<p>&#8220;No dia 4 de fevereiro ser\u00e3o divulgadas as listas dos aprovados nas vagas j\u00e1 previstas no edital para todas as vagas. Voc\u00eas sabem que cada bloco tem v\u00e1rias vagas e v\u00e1rios cargos. Ent\u00e3o, ser\u00e3o divulgadas essas listas e, nesse mesmo dia, naquelas carreiras que ainda t\u00eam uma \u00faltima etapa, que \u00e9 a etapa do curso de forma\u00e7\u00e3o, as pessoas j\u00e1 ser\u00e3o convocadas para o curso&#8221;, disse a ministra.<\/p>\n\n\n\n<p>Os candidatos ter\u00e3o dois dias (4 e 5 de fevereiro) para confirmar o interesse em participar da primeira convoca\u00e7\u00e3o do curso de forma\u00e7\u00e3o. Isso dever\u00e1 ser feito na \u00e1rea do Candidato.&nbsp;<\/p>\n\n\n\n<p>O minist\u00e9rio lembra que, para cada cargo, poder\u00e3o ser feitas at\u00e9 tr\u00eas convoca\u00e7\u00f5es,&nbsp;uma vez que o edital previa&nbsp;a possibilidade de&nbsp;inscri\u00e7\u00e3o em mais de um cargo. As outras convoca\u00e7\u00f5es ser\u00e3o nos dias 11 e 18 de fevereiro. Sempre ser\u00e1 aberto prazo de dois dias para manifesta\u00e7\u00e3o de interesse em fazer o curso de forma\u00e7\u00e3o necess\u00e1rio.<\/p>\n\n\n\n<p>A ministra ressaltou que ao aceitar participar do curso de forma\u00e7\u00e3o em um cargo espec\u00edfico, o candidato est\u00e1 automaticamente eliminado dos&nbsp;cargos escolhidos abaixo na&nbsp;lista de prefer\u00eancia apresentada na primeira etapa do certame.<\/p>\n\n\n\n<p>&#8220;Quando entrar na \u00e1rea do candidato, ele ver\u00e1 uma mensagem informando que a pessoa foi chamada para o curso de forma\u00e7\u00e3o desta carreira. Ali,&nbsp;pergunta se quer participar ou ou n\u00e3o. Caso a pessoa diga OK, ela confirma e, posteriormente, ser\u00e1 chamada fazer a matr\u00edcula no curso de forma\u00e7\u00e3o. Isso significa que ela n\u00e3o estar\u00e1 mais na lista de classifica\u00e7\u00e3o daqueles cursos abaixo da prefer\u00eancia dela&#8221;, disse a ministra.<\/p>\n\n\n\n<h2 class=\"wp-block-heading\">Remunera\u00e7\u00e3o<\/h2>\n\n\n\n<p>Esther Dweck explicou ainda que, durante o curso de forma\u00e7\u00e3o, os candidatos v\u00e3o receber o equivalente a 50% do sal\u00e1rio-base. O objetivo do governo \u00e9 garantir que os candidatos tenham condi\u00e7\u00f5es de se manter durante o curso.<br><\/p>\n","protected":false},"excerpt":{"rendered":"<p>Na mesma data, haver\u00e1 convoca\u00e7\u00e3o para cursos de forma\u00e7\u00e3o Por Pedro Peduzzi &#8211; Rep\u00f3rter da<\/p>\n","protected":false},"author":2,"featured_media":97335,"comment_status":"open","ping_status":"open","sticky":false,"template":"","format":"standard","meta":{"footnotes":""},"categories":[17],"tags":[],"class_list":["post-97334","post","type-post","status-publish","format-standard","has-post-thumbnail","hentry","category-outras-noticias"],"_links":{"self":[{"href":"https:\/\/tvc16.com\/portal\/wp-json\/wp\/v2\/posts\/97334","targetHints":{"allow":["GET"]}}],"collection":[{"href":"https:\/\/tvc16.com\/portal\/wp-json\/wp\/v2\/posts"}],"about":[{"href":"https:\/\/tvc16.com\/portal\/wp-json\/wp\/v2\/types\/post"}],"author":[{"embeddable":true,"href":"https:\/\/tvc16.com\/portal\/wp-json\/wp\/v2\/users\/2"}],"replies":[{"embeddable":true,"href":"https:\/\/tvc16.com\/portal\/wp-json\/wp\/v2\/comments?post=97334"}],"version-history":[{"count":1,"href":"https:\/\/tvc16.com\/portal\/wp-json\/wp\/v2\/posts\/97334\/revisions"}],"predecessor-version":[{"id":97336,"href":"https:\/\/tvc16.com\/portal\/wp-json\/wp\/v2\/posts\/97334\/revisions\/97336"}],"wp:featuredmedia":[{"embeddable":true,"href":"https:\/\/tvc16.com\/portal\/wp-json\/wp\/v2\/media\/97335"}],"wp:attachment":[{"href":"https:\/\/tvc16.com\/portal\/wp-json\/wp\/v2\/media?parent=97334"}],"wp:term":[{"taxonomy":"category","embeddable":true,"href":"https:\/\/tvc16.com\/portal\/wp-json\/wp\/v2\/categories?post=97334"},{"taxonomy":"post_tag","embeddable":true,"href":"https:\/\/tvc16.com\/portal\/wp-json\/wp\/v2\/tags?post=97334"}],"curies":[{"name":"wp","href":"https:\/\/api.w.org\/{rel}","templated":true}]}}