{"id":97348,"date":"2025-01-15T08:32:41","date_gmt":"2025-01-15T11:32:41","guid":{"rendered":"https:\/\/tvc16.com\/portal\/?p=97348"},"modified":"2025-01-15T08:32:43","modified_gmt":"2025-01-15T11:32:43","slug":"arte-digital-para-criancas-oficina-gratuita-neste-sabado-em-itaipava","status":"publish","type":"post","link":"https:\/\/tvc16.com\/portal\/2025\/01\/15\/arte-digital-para-criancas-oficina-gratuita-neste-sabado-em-itaipava\/","title":{"rendered":"Arte digital para crian\u00e7as: oficina gratuita neste s\u00e1bado em Itaipava"},"content":{"rendered":"\n<p><em>Shopping Vilarejo oferece experi\u00eancia \u00fanica em anima\u00e7\u00e3o e pintura digital<\/em><\/p>\n\n\n\n<p>As f\u00e9rias escolares ganham um toque especial neste s\u00e1bado (18) com a oficina \u201cGraph-it Play Lab \u2013 Universo da Arte Digital\u201d.&nbsp;Crian\u00e7as de 6 a 12 anos poder\u00e3o explorar o universo da arte digital com uma atividade gratuita, que une criatividade e tecnologia de forma l\u00fadica e educativa, na Pra\u00e7a da Lua, no Shopping Vilarejo, em Itaipava.&nbsp;Durante a oficina, que come\u00e7a \u00e0s 14h, as crian\u00e7as ir\u00e3o mergulhar no universo da arte digital, explorando diferentes atividades criativas.<\/p>\n\n\n\n<p>A programa\u00e7\u00e3o come\u00e7a com a cria\u00e7\u00e3o de uma anima\u00e7\u00e3o b\u00e1sica, como uma bola quicando, utilizando recursos digitais pr\u00e9-prontos. Em seguida, elas ter\u00e3o a oportunidade de montar personagens, paisagens ou outras composi\u00e7\u00f5es a partir de elementos prontos e recortados, estimulando a imagina\u00e7\u00e3o e a coordena\u00e7\u00e3o. Para finalizar, os pequenos aprender\u00e3o no\u00e7\u00f5es b\u00e1sicas de pintura digital, colorindo tra\u00e7os previamente definidos com ferramentas que introduzem conceitos de design de forma divertida.<\/p>\n\n\n\n<p>A oficina ser\u00e1 conduzida pelos professores Jo\u00e3o e Liliane, especialistas do Graph-it, institui\u00e7\u00e3o reconhecida por seus cursos em arte, design, anima\u00e7\u00e3o e tecnologia. Para Francisco Marques, propriet\u00e1rio e professor do Graph-it, a iniciativa \u00e9 uma forma de unir aprendizado e divers\u00e3o. &#8220;Queremos que as crian\u00e7as percebam que a arte digital \u00e9 uma ferramenta poderosa de express\u00e3o e cria\u00e7\u00e3o. Nosso objetivo \u00e9 despertar a curiosidade delas e apresentar o vasto universo de possibilidades que a tecnologia oferece para desenvolver novas habilidades\u201d, explica Francisco.<\/p>\n\n\n\n<p>As vagas s\u00e3o limitadas, com capacidade para 15 crian\u00e7as, e as inscri\u00e7\u00f5es devem ser feitas presencialmente no local, por ordem de chegada. O recomendado \u00e9 chegar com anteced\u00eancia para garantir a participa\u00e7\u00e3o.<\/p>\n\n\n\n<p>&#8220;Estamos sempre buscando formas de aliar entretenimento, aprendizado e inova\u00e7\u00e3o. Essas oficinas s\u00e3o uma oportunidade incr\u00edvel para as crian\u00e7as se divertirem enquanto desenvolvem habilidades criativas que podem inspir\u00e1-las para o futuro\u201d, destacou Tiago Corr\u00eaa, administrador do Shopping Vilarejo.<\/p>\n\n\n\n<p><strong>Pr\u00f3xima oficina: Programa\u00e7\u00e3o e Intelig\u00eancia Artificial<\/strong><\/p>\n\n\n\n<p>No s\u00e1bado seguinte, dia 25 de janeiro, o Graph-it Play Lab segue com a oficina de programa\u00e7\u00e3o e intelig\u00eancia artificial. As crian\u00e7as aprender\u00e3o a criar anima\u00e7\u00f5es ou jogos simples utilizando o Scratch e explorar\u00e3o ferramentas que integram desenhos feitos \u00e0 m\u00e3o com tecnologias de intelig\u00eancia artificial, ampliando e replicando suas cria\u00e7\u00f5es de maneira inovadora. Neste dia, tamb\u00e9m haver\u00e1 15 vagas dispon\u00edveis por ordem de chegada.<\/p>\n\n\n\n<p><strong>Inscri\u00e7\u00f5es para cursos Graph-it<\/strong><\/p>\n\n\n\n<p>O evento tamb\u00e9m promove as inscri\u00e7\u00f5es para os cursos do Graph-it, incluindo desenho e computa\u00e7\u00e3o gr\u00e1fica, al\u00e9m do lan\u00e7amento de um curso in\u00e9dito de programa\u00e7\u00e3o e intelig\u00eancia artificial. Com 16 anos de hist\u00f3ria e mais de tr\u00eas mil alunos formados, o Graph-it segue como refer\u00eancia em educa\u00e7\u00e3o criativa e tecnol\u00f3gica na regi\u00e3o.<\/p>\n\n\n\n<p><strong>Servi\u00e7o: \u201c<\/strong><strong>Graph-it Play Lab\u201d<\/strong><strong><\/strong><\/p>\n\n\n\n<p><strong>Oficina: Universo da Arte Digital<\/strong><br><img decoding=\"async\" alt=\"\ud83d\uddd3\" src=\"https:\/\/fonts.gstatic.com\/s\/e\/notoemoji\/16.0\/1f5d3\/32.png\">\ufe0f&nbsp;<strong>Data:<\/strong>&nbsp;18 de janeiro<br><img decoding=\"async\" alt=\"\ud83d\udd52\" src=\"https:\/\/fonts.gstatic.com\/s\/e\/notoemoji\/16.0\/1f552\/32.png\">&nbsp;<strong>Hor\u00e1rio:<\/strong>&nbsp;14h \u00e0s 15h<\/p>\n\n\n\n<p><br><strong>Oficina: Programa\u00e7\u00e3o e Intelig\u00eancia Artificial<\/strong><br><img decoding=\"async\" alt=\"\ud83d\uddd3\" src=\"https:\/\/fonts.gstatic.com\/s\/e\/notoemoji\/16.0\/1f5d3\/32.png\">\ufe0f&nbsp;<strong>Data:<\/strong>&nbsp;25 de janeiro<br><img decoding=\"async\" alt=\"\ud83d\udd52\" src=\"https:\/\/fonts.gstatic.com\/s\/e\/notoemoji\/16.0\/1f552\/32.png\">&nbsp;<strong>Hor\u00e1rio:<\/strong>&nbsp;14h \u00e0s 15h<\/p>\n\n\n\n<p><img decoding=\"async\" alt=\"\ud83d\udccd\" src=\"https:\/\/fonts.gstatic.com\/s\/e\/notoemoji\/16.0\/1f4cd\/32.png\">&nbsp;<strong>Local:<\/strong>&nbsp;Pra\u00e7a da Lua, Shopping Vilarejo \u2013 Estrada Uni\u00e3o e Ind\u00fastria, 10.035, Itaipava<br><img decoding=\"async\" alt=\"\ud83c\udf9f\" src=\"https:\/\/fonts.gstatic.com\/s\/e\/notoemoji\/16.0\/1f39f\/32.png\">\ufe0f&nbsp;<strong>Gratuito<\/strong>&nbsp;(Vagas limitadas, inscri\u00e7\u00f5es no local)<\/p>\n\n\n\n<p><img decoding=\"async\" alt=\"\ud83d\udd52\" src=\"https:\/\/fonts.gstatic.com\/s\/e\/notoemoji\/16.0\/1f552\/32.png\">&nbsp;<strong>Funcionamento do shopping:<\/strong><\/p>\n\n\n\n<ul class=\"wp-block-list\">\n<li>Ter\u00e7a-feira: 14h \u00e0s 19h<\/li>\n\n\n\n<li>Quarta a sexta-feira: 10h \u00e0s 19h<\/li>\n\n\n\n<li>S\u00e1bado: 10h \u00e0s 20h<\/li>\n\n\n\n<li>Domingo: 10h \u00e0s 18h<\/li>\n<\/ul>\n\n\n\n<p><img decoding=\"async\" alt=\"\ud83d\udcf2\" src=\"https:\/\/fonts.gstatic.com\/s\/e\/notoemoji\/16.0\/1f4f2\/32.png\">&nbsp;<strong>Mais informa\u00e7\u00f5es:<\/strong>&nbsp;@shoppingvilarejo no Instagram<\/p>\n","protected":false},"excerpt":{"rendered":"<p>Shopping Vilarejo oferece experi\u00eancia \u00fanica em anima\u00e7\u00e3o e pintura digital As f\u00e9rias escolares ganham um<\/p>\n","protected":false},"author":2,"featured_media":97349,"comment_status":"open","ping_status":"open","sticky":false,"template":"","format":"standard","meta":{"footnotes":""},"categories":[12],"tags":[],"class_list":["post-97348","post","type-post","status-publish","format-standard","has-post-thumbnail","hentry","category-cidade"],"_links":{"self":[{"href":"https:\/\/tvc16.com\/portal\/wp-json\/wp\/v2\/posts\/97348","targetHints":{"allow":["GET"]}}],"collection":[{"href":"https:\/\/tvc16.com\/portal\/wp-json\/wp\/v2\/posts"}],"about":[{"href":"https:\/\/tvc16.com\/portal\/wp-json\/wp\/v2\/types\/post"}],"author":[{"embeddable":true,"href":"https:\/\/tvc16.com\/portal\/wp-json\/wp\/v2\/users\/2"}],"replies":[{"embeddable":true,"href":"https:\/\/tvc16.com\/portal\/wp-json\/wp\/v2\/comments?post=97348"}],"version-history":[{"count":1,"href":"https:\/\/tvc16.com\/portal\/wp-json\/wp\/v2\/posts\/97348\/revisions"}],"predecessor-version":[{"id":97350,"href":"https:\/\/tvc16.com\/portal\/wp-json\/wp\/v2\/posts\/97348\/revisions\/97350"}],"wp:featuredmedia":[{"embeddable":true,"href":"https:\/\/tvc16.com\/portal\/wp-json\/wp\/v2\/media\/97349"}],"wp:attachment":[{"href":"https:\/\/tvc16.com\/portal\/wp-json\/wp\/v2\/media?parent=97348"}],"wp:term":[{"taxonomy":"category","embeddable":true,"href":"https:\/\/tvc16.com\/portal\/wp-json\/wp\/v2\/categories?post=97348"},{"taxonomy":"post_tag","embeddable":true,"href":"https:\/\/tvc16.com\/portal\/wp-json\/wp\/v2\/tags?post=97348"}],"curies":[{"name":"wp","href":"https:\/\/api.w.org\/{rel}","templated":true}]}}