{"id":97351,"date":"2025-01-15T08:49:46","date_gmt":"2025-01-15T11:49:46","guid":{"rendered":"https:\/\/tvc16.com\/portal\/?p=97351"},"modified":"2025-01-15T08:50:15","modified_gmt":"2025-01-15T11:50:15","slug":"la-nina-e-confirmado-pelos-cientistas-saiba-como-o-fenomeno-climatico-vai-atuar-em-petropolis","status":"publish","type":"post","link":"https:\/\/tvc16.com\/portal\/2025\/01\/15\/la-nina-e-confirmado-pelos-cientistas-saiba-como-o-fenomeno-climatico-vai-atuar-em-petropolis\/","title":{"rendered":"La Nin\u00e3 \u00e9 confirmado pelos cientistas. Saiba como o fen\u00f4meno clim\u00e1tico vai atuar em Petr\u00f3polis"},"content":{"rendered":"\n<p>O fen\u00f4meno clim\u00e1tico La Ni\u00f1a entrou oficialmente em a\u00e7\u00e3o em janeiro de 2025, conforme anunciado pela Administra\u00e7\u00e3o Oce\u00e2nica e Atmosf\u00e9rica Nacional (NOAA), ap\u00f3s a consolida\u00e7\u00e3o dos par\u00e2metros meteorol\u00f3gicos necess\u00e1rios para sua caracteriza\u00e7\u00e3o. Diferente do El Nin\u00e3, o La Nin\u00e3 que este ano est\u00e1 bem fraca, n\u00e3o tem consequ\u00eancias significativas para a Regi\u00e3o Sudeste, as consequ\u00eancias s\u00e3o principalmente para as regi\u00f5es Sul, Norte e Nordeste.<\/p>\n\n\n\n<p>\u201cA \u00faltima manifesta\u00e7\u00e3o do fen\u00f4meno La Nin\u00e3, entre os anos de 2020 e 2023, foi caracterizada por estiagem severa na regi\u00e3o Sul e precipita\u00e7\u00f5es intensas no Nordeste. Para o atual epis\u00f3dio de La Ni\u00f1a, ainda n\u00e3o h\u00e1 evid\u00eancias que permitam afirmar que seus impactos seguir\u00e3o o padr\u00e3o clim\u00e1tico historicamente observado, especialmente devido \u00e0s anomalias positivas de temperatura registradas no Oceano Atl\u00e2ntico. Ainda assim, essa configura\u00e7\u00e3o atmosf\u00e9rico-oce\u00e2nica exige monitoramento constante, dada sua relev\u00e2ncia no contexto das condi\u00e7\u00f5es clim\u00e1ticas nacionais\u201d, explicou a meteorologista da Secretaria de Prote\u00e7\u00e3o e Defesa Civil, Rafaela Filipe.<\/p>\n\n\n\n<p>Em Petr\u00f3polis, o fen\u00f4meno clim\u00e1tico La Nin\u00e3 n\u00e3o deve trazer grandes altera\u00e7\u00f5es com rela\u00e7\u00e3o ao volume de chuvas ou nas temperaturas. Com essa previs\u00e3o, se mant\u00e9m o progn\u00f3stico de ver\u00e3o emitido pela Secretaria de Prote\u00e7\u00e3o e Defesa Civil e que pode ser acessado pelo link: <a href=\"https:\/\/www.petropolis.rj.gov.br\/pmp\/phocadownload\/defesa-civil\/notas_tecnicas\/Prognstico%20-%20DJF.pdf\">https:\/\/www.petropolis.rj.gov.br\/pmp\/phocadownload\/defesa-civil\/notas_tecnicas\/Prognstico%20-%20DJF.pdf<\/a>.<\/p>\n\n\n\n<p>\u201cOs valores de precipita\u00e7\u00e3o previstos se enquadram na m\u00e9dia hist\u00f3rica. No entanto, pela caracter\u00edstica montanhosa da nossa cidade e pelo hist\u00f3rico de ocorr\u00eancias, \u00e9 importante estar sempre atento, principalmente durante o per\u00edodo chuvoso\u201d, orientou a meteorologista.<\/p>\n\n\n\n<p>Os especialistas da NOAA afirmam que a La Nin\u00e3 dever\u00e1 persistir at\u00e9 abril de 2025, quando dever\u00e1 ocorrer uma transi\u00e7\u00e3o para ENOS-Neutro, entre o per\u00edodo de mar\u00e7o a abril de 2025.<\/p>\n\n\n\n<p>Seguem algumas orienta\u00e7\u00f5es para a popula\u00e7\u00e3o:<\/p>\n\n\n\n<ul class=\"wp-block-list\">\n<li>Fique atento aos alertas emitidos pela Defesa Civil<\/li>\n\n\n\n<li>Evite \u00e1reas de risco e n\u00e3o permane\u00e7a em \u00e1reas interditadas<\/li>\n\n\n\n<li>N\u00e3o transite em \u00e1reas alagadas ou inundadas<\/li>\n\n\n\n<li>Em caso de emerg\u00eancia, ligue para a Defesa Civil pelo telefone 199<\/li>\n\n\n\n<li>Cadastre-se para recebimento de alertas por meio do SMS e WhatsApp<\/li>\n\n\n\n<li>Siga os canais de comunica\u00e7\u00e3o oficiais da Secretaria nas redes sociais para manter-se informado<\/li>\n\n\n\n<li>Compartilhe informa\u00e7\u00f5es oficiais<\/li>\n\n\n\n<li>Ponha sempre em pr\u00e1tica o seu PRI (Plano de Resili\u00eancia Individual \u2013 dispon\u00edvel no site da Prefeitura \u2013 https:\/\/www.petropolis.rj.gov.br\/pmp\/index.php\/defesa-civil\/programas\/orientacoes-cartilhas)<\/li>\n<\/ul>\n","protected":false},"excerpt":{"rendered":"<p>O fen\u00f4meno clim\u00e1tico La Ni\u00f1a entrou oficialmente em a\u00e7\u00e3o em janeiro de 2025, conforme anunciado<\/p>\n","protected":false},"author":2,"featured_media":89303,"comment_status":"open","ping_status":"open","sticky":false,"template":"","format":"standard","meta":{"footnotes":""},"categories":[12],"tags":[],"class_list":["post-97351","post","type-post","status-publish","format-standard","has-post-thumbnail","hentry","category-cidade"],"_links":{"self":[{"href":"https:\/\/tvc16.com\/portal\/wp-json\/wp\/v2\/posts\/97351","targetHints":{"allow":["GET"]}}],"collection":[{"href":"https:\/\/tvc16.com\/portal\/wp-json\/wp\/v2\/posts"}],"about":[{"href":"https:\/\/tvc16.com\/portal\/wp-json\/wp\/v2\/types\/post"}],"author":[{"embeddable":true,"href":"https:\/\/tvc16.com\/portal\/wp-json\/wp\/v2\/users\/2"}],"replies":[{"embeddable":true,"href":"https:\/\/tvc16.com\/portal\/wp-json\/wp\/v2\/comments?post=97351"}],"version-history":[{"count":1,"href":"https:\/\/tvc16.com\/portal\/wp-json\/wp\/v2\/posts\/97351\/revisions"}],"predecessor-version":[{"id":97352,"href":"https:\/\/tvc16.com\/portal\/wp-json\/wp\/v2\/posts\/97351\/revisions\/97352"}],"wp:featuredmedia":[{"embeddable":true,"href":"https:\/\/tvc16.com\/portal\/wp-json\/wp\/v2\/media\/89303"}],"wp:attachment":[{"href":"https:\/\/tvc16.com\/portal\/wp-json\/wp\/v2\/media?parent=97351"}],"wp:term":[{"taxonomy":"category","embeddable":true,"href":"https:\/\/tvc16.com\/portal\/wp-json\/wp\/v2\/categories?post=97351"},{"taxonomy":"post_tag","embeddable":true,"href":"https:\/\/tvc16.com\/portal\/wp-json\/wp\/v2\/tags?post=97351"}],"curies":[{"name":"wp","href":"https:\/\/api.w.org\/{rel}","templated":true}]}}