{"id":97353,"date":"2025-01-15T07:01:00","date_gmt":"2025-01-15T10:01:00","guid":{"rendered":"https:\/\/tvc16.com\/portal\/?p=97353"},"modified":"2025-01-15T09:01:51","modified_gmt":"2025-01-15T12:01:51","slug":"marcela-de-sa-cantora-e-atriz-petropolitana-lanca-nesta-sexta-feira-o-single-amarguradinha","status":"publish","type":"post","link":"https:\/\/tvc16.com\/portal\/2025\/01\/15\/marcela-de-sa-cantora-e-atriz-petropolitana-lanca-nesta-sexta-feira-o-single-amarguradinha\/","title":{"rendered":"Marcela de S\u00e1, cantora e atriz petropolitana, lan\u00e7a nesta sexta-feira o single \u201cAmarguradinha\u201d"},"content":{"rendered":"\n<p>A cantora e atriz Marcela de S\u00e1 lan\u00e7a nesta sexta-feira (17.01) seu quinto single, a can\u00e7\u00e3o in\u00e9dita \u201cAmarguradinha\u201d, nas plataformas digitais pela distribuidora independente Shakemusic.&nbsp;Petropolitana, ex-integrante das Meninas Cantoras de Petr\u00f3polis, Marcela, al\u00e9m de int\u00e9rprete, \u00e9 compositora e atriz. A m\u00fasica pode ser ouvida em&nbsp; todas as plataformas de streaming como Spotify, Deezer, Amazon Music e Apple Music e estar\u00e1 dispon\u00edvel tamb\u00e9m no <a href=\"https:\/\/linktr.ee\/marceladesa\">Linktree da cantora<\/a> a partir de sexta (17). Na pr\u00f3xima segunda-feira (20),&nbsp; o visualizer da can\u00e7\u00e3o tamb\u00e9m estar\u00e1 dispon\u00edvel no Youtube <a href=\"about:blank\">na p\u00e1gina oficial da artista<\/a>.<\/p>\n\n\n\n<p>Amarguradinha \u00e9 uma m\u00fasica que tem uma mensagem muito clara, fazer as pessoas sentirem-se bem. \u00c9 uma m\u00fasica, solar, alegre e alto astral. Suas influencias mel\u00f3dicas s\u00e3o a mpb, o rock nacional e uma pitada leve de blues. Inspira\u00e7\u00e3o direta \u00e0 Lenine, Rita Lee, Novos Baianos; mas com estilo pr\u00f3prio que Marcela vem desenvolvendo, da mistura de tudo isso com uma assinatura particular e irreverente.<\/p>\n\n\n\n<p>O arranjo foi feito por Beto Lemos, multi-instrumentista, diretor musical, arranjador e ator. Beto tamb\u00e9m \u00e9 o \u00fanico instrumentista da faixa. \u00c9 o terceiro single que fazem juntos. A mixagem e masteriza\u00e7\u00e3o s\u00e3o do engenheiro de \u00e1udio Leonardo Vargas. A capa do single leva a assinatura do artista visual Emerson Ferreira.<\/p>\n\n\n\n<p>A composi\u00e7\u00e3o \u00e9 do diretor teatral e m\u00fasico carioca, Beto Brown. Brown e Marcela s\u00e3o parceiros de composi\u00e7\u00f5es e trabalhos por dividirem uma forma de pensar alinhada com a liberdade, com a diversidade, com a alegria de viver e com a filosofia de que n\u00f3s somos respons\u00e1veis por n\u00f3s mesmos, por estarmos bem. Amarguradinha s\u00e3o como dicas daquele amigo para voc\u00ea ficar bem.<\/p>\n\n\n\n<p>&nbsp;\u201cEstou muito feliz com esse lan\u00e7amento, com a mensagem, a atmosfera da m\u00fasica. Amarguradinha \u00e9 uma celebra\u00e7\u00e3o da vida. \u00c9 uma m\u00fasica en\u00e9rgica, alta astral e dan\u00e7ante. O instrumental est\u00e1 lindo e aut\u00eantico. Tenho certeza que as pessoas v\u00e3o gostar e ela far\u00e1 bem a quem a escutar\u201d, afirma Marcela de S\u00e1.<\/p>\n\n\n\n<p>Marcela de S\u00e1, que tamb\u00e9m atua como atriz e produtora, \u00e9 t\u00e9cnica em canto pela Escola de M\u00fasica Villa-Lobos. Ela iniciou a carreira musical ainda crian\u00e7a, nas Meninas Cantoras de Petr\u00f3polis, onde permaneceu por dez anos e cantou ao lado de \u00edcones da m\u00fasica brasileira, como Gilberto Gil, Maria Beth\u00e2nia, Milton Nascimento, entre outros.<\/p>\n\n\n\n<p>Como atriz, integra o Grupo de Teatro N\u00f3s do Morro e desenvolve projetos em Petr\u00f3polis como diretora e professora teatral. Desde 2017 desenvolve trabalhos como gestora e produtora cultural no Rio de Janeiro.<\/p>\n\n\n\n<p>Em 2019, Marcela estreou seu primeiro trabalho autoral, o musical \u201cNordeste M\u00edstico\u201d, na abertura do Palco Girat\u00f3rio no Sesc Gin\u00e1stico. A pe\u00e7a, com seu argumento, foi escrita por Aderaldo Luciano, com can\u00e7\u00f5es de Renato Fraz\u00e3o e dire\u00e7\u00e3o art\u00edstica de Juracy de Oliveira. Tamb\u00e9m em 2019, participou do Festival Internacional de Antropologia Teatral, na It\u00e1lia, com o Teatro Potlach e o Teatro Odin, como umas das convidadas, representando o Brasil.<\/p>\n\n\n\n<p>Como cantora, Marcela de S\u00e1, desde 2021 vem se destacando em uma s\u00e9rie de apresenta\u00e7\u00f5es em Petr\u00f3polis e Itaipava, regi\u00e3o serrana do Rio. Seus primeiros singles foram o clipe e a m\u00fasica de \u201cO dia em que faremos contato\u201d (Lenine\/Braulio Tavares) e \u201cSem Gravidade\u201d (Otto), todas pelo selo&nbsp;Astronauta&nbsp;em parceria com a Universal Music Brasil; \u201cAssim\u201d (Mauro Aguiar\/Lucina) pela distribuidora Tratore; \u201cRotas\u201d (Marcela de S\u00e1\/Numa Ciro\/Rodrigo D\u2019avilla) pelo selo Tuhu Music.<\/p>\n\n\n\n<p>Marcela tamb\u00e9m foi uma das atra\u00e7\u00f5es do Festival Rock The Mountain em 2023, na edi\u00e7\u00e3o que contou exclusivamente com artistas mulheres. Participou do Festival petropolitano Solsticio do Som e se apresentou em 2024 em palcos na cidade do Rio de Janeiro como \u00c1udio Rebel e Centro da M\u00fasica Carioca no festival Quintas do Rock.<\/p>\n","protected":false},"excerpt":{"rendered":"<p>A cantora e atriz Marcela de S\u00e1 lan\u00e7a nesta sexta-feira (17.01) seu quinto single, a<\/p>\n","protected":false},"author":2,"featured_media":97354,"comment_status":"open","ping_status":"open","sticky":false,"template":"","format":"standard","meta":{"footnotes":""},"categories":[12],"tags":[],"class_list":["post-97353","post","type-post","status-publish","format-standard","has-post-thumbnail","hentry","category-cidade"],"_links":{"self":[{"href":"https:\/\/tvc16.com\/portal\/wp-json\/wp\/v2\/posts\/97353","targetHints":{"allow":["GET"]}}],"collection":[{"href":"https:\/\/tvc16.com\/portal\/wp-json\/wp\/v2\/posts"}],"about":[{"href":"https:\/\/tvc16.com\/portal\/wp-json\/wp\/v2\/types\/post"}],"author":[{"embeddable":true,"href":"https:\/\/tvc16.com\/portal\/wp-json\/wp\/v2\/users\/2"}],"replies":[{"embeddable":true,"href":"https:\/\/tvc16.com\/portal\/wp-json\/wp\/v2\/comments?post=97353"}],"version-history":[{"count":1,"href":"https:\/\/tvc16.com\/portal\/wp-json\/wp\/v2\/posts\/97353\/revisions"}],"predecessor-version":[{"id":97355,"href":"https:\/\/tvc16.com\/portal\/wp-json\/wp\/v2\/posts\/97353\/revisions\/97355"}],"wp:featuredmedia":[{"embeddable":true,"href":"https:\/\/tvc16.com\/portal\/wp-json\/wp\/v2\/media\/97354"}],"wp:attachment":[{"href":"https:\/\/tvc16.com\/portal\/wp-json\/wp\/v2\/media?parent=97353"}],"wp:term":[{"taxonomy":"category","embeddable":true,"href":"https:\/\/tvc16.com\/portal\/wp-json\/wp\/v2\/categories?post=97353"},{"taxonomy":"post_tag","embeddable":true,"href":"https:\/\/tvc16.com\/portal\/wp-json\/wp\/v2\/tags?post=97353"}],"curies":[{"name":"wp","href":"https:\/\/api.w.org\/{rel}","templated":true}]}}