{"id":97356,"date":"2025-01-15T09:46:40","date_gmt":"2025-01-15T12:46:40","guid":{"rendered":"https:\/\/tvc16.com\/portal\/?p=97356"},"modified":"2025-01-15T09:47:02","modified_gmt":"2025-01-15T12:47:02","slug":"mutirao-emergencial-de-servicos-comeca-em-araras-com-acoes-de-limpeza-e-manutencao-viaria","status":"publish","type":"post","link":"https:\/\/tvc16.com\/portal\/2025\/01\/15\/mutirao-emergencial-de-servicos-comeca-em-araras-com-acoes-de-limpeza-e-manutencao-viaria\/","title":{"rendered":"Mutir\u00e3o emergencial de servi\u00e7os come\u00e7a em Araras com a\u00e7\u00f5es de limpeza e manuten\u00e7\u00e3o vi\u00e1ria"},"content":{"rendered":"\n<p>Araras iniciou a ter\u00e7a-feira (15) com um mutir\u00e3o emergencial de servi\u00e7os promovido pela Prefeitura, por meio da Companhia Municipal de Desenvolvimento de Petr\u00f3polis (Comdep), para melhorar a infraestrutura e a limpeza do bairro. A a\u00e7\u00e3o incluiu coleta de lixo, manuten\u00e7\u00e3o das vias, capina, ro\u00e7ada e remo\u00e7\u00e3o de entulho, com algumas a\u00e7\u00f5es sendo finalizadas e outras ainda em andamento nesta quarta-feira (15) para garantir mais qualidade de vida \u00e0 comunidade.<\/p>\n\n\n\n<p>O mutir\u00e3o, como destacou o prefeito Hingo Hammes, \u00e9 uma resposta imediata \u00e0s necessidades da popula\u00e7\u00e3o. \u201cEstamos mobilizando as equipes da Comdep para resolver problemas que afetam diretamente o dia a dia dos moradores, n\u00e3o s\u00f3 de Araras, mas de todo o munic\u00edpio. Al\u00e9m da limpeza, essa a\u00e7\u00e3o faz parte de um esfor\u00e7o cont\u00ednuo da gest\u00e3o municipal para garantir mais qualidade de vida a todos\u201d, explicou.<\/p>\n\n\n\n<p>A presidente da Comdep, Fernanda Ferreira, refor\u00e7ou que o objetivo \u00e9 atender as necessidades urgentes da popula\u00e7\u00e3o. \u201cEstamos trabalhando para resolver quest\u00f5es que impactam diretamente a rotina dos moradores. Esse mutir\u00e3o \u00e9 s\u00f3 o come\u00e7o, e vamos seguir realizando a\u00e7\u00f5es em diferentes \u00e1reas da cidade para garantir um ambiente mais agrad\u00e1vel e organizado para todos\u201d, afirmou.<\/p>\n","protected":false},"excerpt":{"rendered":"<p>Araras iniciou a ter\u00e7a-feira (15) com um mutir\u00e3o emergencial de servi\u00e7os promovido pela Prefeitura, por<\/p>\n","protected":false},"author":2,"featured_media":97357,"comment_status":"open","ping_status":"open","sticky":false,"template":"","format":"standard","meta":{"footnotes":""},"categories":[12],"tags":[],"class_list":["post-97356","post","type-post","status-publish","format-standard","has-post-thumbnail","hentry","category-cidade"],"_links":{"self":[{"href":"https:\/\/tvc16.com\/portal\/wp-json\/wp\/v2\/posts\/97356","targetHints":{"allow":["GET"]}}],"collection":[{"href":"https:\/\/tvc16.com\/portal\/wp-json\/wp\/v2\/posts"}],"about":[{"href":"https:\/\/tvc16.com\/portal\/wp-json\/wp\/v2\/types\/post"}],"author":[{"embeddable":true,"href":"https:\/\/tvc16.com\/portal\/wp-json\/wp\/v2\/users\/2"}],"replies":[{"embeddable":true,"href":"https:\/\/tvc16.com\/portal\/wp-json\/wp\/v2\/comments?post=97356"}],"version-history":[{"count":1,"href":"https:\/\/tvc16.com\/portal\/wp-json\/wp\/v2\/posts\/97356\/revisions"}],"predecessor-version":[{"id":97358,"href":"https:\/\/tvc16.com\/portal\/wp-json\/wp\/v2\/posts\/97356\/revisions\/97358"}],"wp:featuredmedia":[{"embeddable":true,"href":"https:\/\/tvc16.com\/portal\/wp-json\/wp\/v2\/media\/97357"}],"wp:attachment":[{"href":"https:\/\/tvc16.com\/portal\/wp-json\/wp\/v2\/media?parent=97356"}],"wp:term":[{"taxonomy":"category","embeddable":true,"href":"https:\/\/tvc16.com\/portal\/wp-json\/wp\/v2\/categories?post=97356"},{"taxonomy":"post_tag","embeddable":true,"href":"https:\/\/tvc16.com\/portal\/wp-json\/wp\/v2\/tags?post=97356"}],"curies":[{"name":"wp","href":"https:\/\/api.w.org\/{rel}","templated":true}]}}