{"id":9736,"date":"2021-01-18T19:21:49","date_gmt":"2021-01-18T22:21:49","guid":{"rendered":"https:\/\/tvc16.com\/portal\/?p=9736"},"modified":"2021-01-18T19:21:51","modified_gmt":"2021-01-18T22:21:51","slug":"governo-municipal-fara-nesta-semana-uma-homenagem-as-vitimas-da-covid-19-na-cidade-plantando-mudas-de-arvores-para-cada-morador-de-petropolis-que-nao-resistiu-a-doenca-a-iniciativa-da-secretaria-de","status":"publish","type":"post","link":"https:\/\/tvc16.com\/portal\/2021\/01\/18\/governo-municipal-fara-nesta-semana-uma-homenagem-as-vitimas-da-covid-19-na-cidade-plantando-mudas-de-arvores-para-cada-morador-de-petropolis-que-nao-resistiu-a-doenca-a-iniciativa-da-secretaria-de\/","title":{"rendered":"Governo municipal far\u00e1 nesta semana uma homenagem \u00e0s v\u00edtimas da covid-19 na cidade, plantando mudas de \u00e1rvores para cada morador de Petr\u00f3polis que n\u00e3o resistiu \u00e0 doen\u00e7a. A iniciativa, da Secretaria de Meio Ambiente, contar\u00e1 com o apoio de integrantes do projeto C\u00edlios D&#8217;\u00c1gua, criado por um grupo de petropolitanos para ajudar no reflorestamento de rios e lagos do munic\u00edpio."},"content":{"rendered":"\n<p>Governo municipal far\u00e1 homenagem a v\u00edtimas da covid-19 com plantio de \u00e1rvores<\/p>\n\n\n\n<p>A primeira a\u00e7\u00e3o, que vai contar com o apoio do Projeto \u00c1gua e do Instituto Estadual do Ambiente (Inea), ser\u00e1 realizada nesta ter\u00e7a-feira (19\/01), \u00e0s 10h, no Duarte da Silveira, quando ser\u00e3o plantadas 40 mudas de \u00e1rvore.<br>Um dos primeiros homenageados ser\u00e1 Paulo Leite, que faleceu em setembro do ano passado v\u00edtima da Covid-19, e que era funcion\u00e1rio da secretaria de Meio Ambiente. Paulo era pai de Cain\u00e3 Hutter, um dos envolvidos no projeto C\u00edlios D&#8217;\u00c1gua. &#8220;Meu pai fazia esse trabalho na beira de rios, e com certeza, serviu de inspira\u00e7\u00e3o para todos n\u00f3s\u201d, pontuou Cain\u00e3.<br>\u201c\u00c9 uma forma de lembrarmos daqueles que n\u00e3o resistiram \u00e0 covid-19. Fazer isso num momento como este, de chegada das primeiras doses da vacina, tem um simbolismo ainda maior. O momento \u00e9 de esperan\u00e7a, sim, mas, principalmente, de refletirmos sobre tudo o que a pandemia nos trouxe como li\u00e7\u00e3o\u201d, afirmou o prefeito interino Hingo Hammes.<br>A escolha do primeiro bairro foi feita pelos amigos do C\u00edlios D&#8217;\u00c1gua, que ser\u00e3o os respons\u00e1veis por cuidar do espa\u00e7o ap\u00f3s o plantio. O projeto foi criado para ajudar na prote\u00e7\u00e3o e preserva\u00e7\u00e3o das beiras de rios e lagos, e por isso, o nome remete \u00e0 mata ciliar. O grupo abra\u00e7ou a ideia da homenagem \u00e0s v\u00edtimas da Covid-19.<br>\u201cQueremos que a popula\u00e7\u00e3o fa\u00e7a parte deste projeto, esteja envolvida, para cuidar desses locais. N\u00e3o \u00e9 s\u00f3 plantar. Escolhemos o Duarte da Silveira porque somos vizinhos do lugar onde ocorrer\u00e1 o plantio e vamos fazer essa manuten\u00e7\u00e3o. Al\u00e9m disso, abra\u00e7amos a ideia da prefeitura, de homenagear as v\u00edtimas do coronav\u00edrus. &#8220;\u00c9 justo com as fam\u00edlias e com a cidade\u201d, explicou Luiz Salgueiro, idealizador do projeto.<br>A ideia \u00e9 ampliar a a\u00e7\u00e3o, e por conta disso, o secret\u00e1rio de Meio Ambiente, Edmardo Campbell, convidou o Projeto \u00c1gua e o Inea para participarem da iniciativa. \u201c\u00c9 uma a\u00e7\u00e3o muito importante para a nossa cidade, que vai ajudar a proteger e preservar os nossos rios. Quanto mais bra\u00e7os para essa ideia, melhor. Queremos ainda que os moradores estejam envolvidos, participando, cuidando dos locais onde ocorrer\u00e1 o plantio\u201d, disse.<\/p>\n\n\n\n<p><\/p>\n\n\n\n<figure class=\"wp-block-image size-large\"><img loading=\"lazy\" decoding=\"async\" width=\"1024\" height=\"581\" src=\"https:\/\/tvc16.com\/portal\/wp-content\/uploads\/2021\/01\/IMG-20210118-WA0084-1024x581.jpg\" alt=\"\" class=\"wp-image-9737\" srcset=\"https:\/\/tvc16.com\/portal\/wp-content\/uploads\/2021\/01\/IMG-20210118-WA0084-1024x581.jpg 1024w, https:\/\/tvc16.com\/portal\/wp-content\/uploads\/2021\/01\/IMG-20210118-WA0084-300x170.jpg 300w, https:\/\/tvc16.com\/portal\/wp-content\/uploads\/2021\/01\/IMG-20210118-WA0084-768x436.jpg 768w, https:\/\/tvc16.com\/portal\/wp-content\/uploads\/2021\/01\/IMG-20210118-WA0084.jpg 1280w\" sizes=\"auto, (max-width: 1024px) 100vw, 1024px\" \/><\/figure>\n\n\n\n<p><\/p>\n","protected":false},"excerpt":{"rendered":"<p>Governo municipal far\u00e1 homenagem a v\u00edtimas da covid-19 com plantio de \u00e1rvores A primeira a\u00e7\u00e3o,<\/p>\n","protected":false},"author":2,"featured_media":9723,"comment_status":"open","ping_status":"open","sticky":false,"template":"","format":"standard","meta":{"footnotes":""},"categories":[12],"tags":[],"class_list":["post-9736","post","type-post","status-publish","format-standard","has-post-thumbnail","hentry","category-cidade"],"_links":{"self":[{"href":"https:\/\/tvc16.com\/portal\/wp-json\/wp\/v2\/posts\/9736","targetHints":{"allow":["GET"]}}],"collection":[{"href":"https:\/\/tvc16.com\/portal\/wp-json\/wp\/v2\/posts"}],"about":[{"href":"https:\/\/tvc16.com\/portal\/wp-json\/wp\/v2\/types\/post"}],"author":[{"embeddable":true,"href":"https:\/\/tvc16.com\/portal\/wp-json\/wp\/v2\/users\/2"}],"replies":[{"embeddable":true,"href":"https:\/\/tvc16.com\/portal\/wp-json\/wp\/v2\/comments?post=9736"}],"version-history":[{"count":1,"href":"https:\/\/tvc16.com\/portal\/wp-json\/wp\/v2\/posts\/9736\/revisions"}],"predecessor-version":[{"id":9738,"href":"https:\/\/tvc16.com\/portal\/wp-json\/wp\/v2\/posts\/9736\/revisions\/9738"}],"wp:featuredmedia":[{"embeddable":true,"href":"https:\/\/tvc16.com\/portal\/wp-json\/wp\/v2\/media\/9723"}],"wp:attachment":[{"href":"https:\/\/tvc16.com\/portal\/wp-json\/wp\/v2\/media?parent=9736"}],"wp:term":[{"taxonomy":"category","embeddable":true,"href":"https:\/\/tvc16.com\/portal\/wp-json\/wp\/v2\/categories?post=9736"},{"taxonomy":"post_tag","embeddable":true,"href":"https:\/\/tvc16.com\/portal\/wp-json\/wp\/v2\/tags?post=9736"}],"curies":[{"name":"wp","href":"https:\/\/api.w.org\/{rel}","templated":true}]}}