{"id":97362,"date":"2025-01-15T11:28:32","date_gmt":"2025-01-15T14:28:32","guid":{"rendered":"https:\/\/tvc16.com\/portal\/?p=97362"},"modified":"2025-01-15T11:28:52","modified_gmt":"2025-01-15T14:28:52","slug":"principal-equipamento-da-cultura-em-petropolis-sera-devolvido-a-cidade-depois-de-seis-anos-fechado","status":"publish","type":"post","link":"https:\/\/tvc16.com\/portal\/2025\/01\/15\/principal-equipamento-da-cultura-em-petropolis-sera-devolvido-a-cidade-depois-de-seis-anos-fechado\/","title":{"rendered":"Principal equipamento da cultura em Petr\u00f3polis ser\u00e1 devolvido \u00e0 cidade depois de seis anos fechado"},"content":{"rendered":"\n<p><em>As obras no Theatro Dom Pedro foram retomadas nesta semana.<\/em><\/p>\n\n\n\n<p>As obras de restaura\u00e7\u00e3o do Theatro Dom Pedro, o principal espa\u00e7o dedicado \u00e0 cultura em Petr\u00f3polis, foram retomadas nesta semana. Funcion\u00e1rios da empresa contratada para executar o servi\u00e7o est\u00e3o dando continuidade a servi\u00e7os como: pinturas, instala\u00e7\u00f5es el\u00e9tricas e hidrossanit\u00e1rias, coloca\u00e7\u00e3o de divis\u00f3rias de granito, execu\u00e7\u00e3o de piso de granitina, entre outros. Al\u00e9m disso, a empresa respons\u00e1vel pela execu\u00e7\u00e3o do sistema de detec\u00e7\u00e3o e alarme de inc\u00eandio via wi-fi j\u00e1 deu in\u00edcio aos servi\u00e7os.<\/p>\n\n\n\n<p>&#8220;S\u00e3o seis anos com o espa\u00e7o fechado. A obra de reforma estava paralisada desde o ano passado. E o Theatro Dom Pedro \u00e9 o principal espa\u00e7o de fomento da cultura em Petr\u00f3polis, em seus v\u00e1rios segmentos. Poder contar com esse espa\u00e7o novamente \u00e9 fundamental para a popula\u00e7\u00e3o de Petr\u00f3polis, tanto para os artistas, quanto para as pessoas que frequentam esse espa\u00e7o&#8221;, ressalta o prefeito Hingo Hammes.<\/p>\n\n\n\n<p>Para as pr\u00f3ximas semanas, ser\u00e3o realizados servi\u00e7os de acabamento, tanto no pr\u00e9dio anexo, quanto na \u00e1rea dos camarins. &#8220;A empresa finaliza a instala\u00e7\u00e3o do sinteco, do gesso. O passo seguinte \u00e9 a licita\u00e7\u00e3o para a compra dos aparelhos de ar-condicionado&#8221;, informa o secret\u00e1rio de Obras Maur\u00edcio Veiga.<\/p>\n\n\n\n<p>Al\u00e9m da restaura\u00e7\u00e3o, o Theatro tamb\u00e9m ganhou elevador acess\u00edvel e o anexo mencionado est\u00e1 sendo totalmente reformado, contando agora com salas para aulas de m\u00fasica e dan\u00e7a.<\/p>\n\n\n\n<p>&#8220;Retomamos a obra no nosso Theatro Dom Pedro, um equipamento importante para a nossa cidade. Por isso, daqui a pouco, vamos retornar, democratizando o acesso \u00e0 cultura do nosso munic\u00edpio, trazendo os nossos fazedores de cultura, nossos artistas locais para se apresentarem&#8221;, pontua o secret\u00e1rio de Cultura, Adenilson Honorato<\/p>\n","protected":false},"excerpt":{"rendered":"<p>As obras no Theatro Dom Pedro foram retomadas nesta semana. As obras de restaura\u00e7\u00e3o do<\/p>\n","protected":false},"author":2,"featured_media":97363,"comment_status":"open","ping_status":"open","sticky":false,"template":"","format":"standard","meta":{"footnotes":""},"categories":[12],"tags":[],"class_list":["post-97362","post","type-post","status-publish","format-standard","has-post-thumbnail","hentry","category-cidade"],"_links":{"self":[{"href":"https:\/\/tvc16.com\/portal\/wp-json\/wp\/v2\/posts\/97362","targetHints":{"allow":["GET"]}}],"collection":[{"href":"https:\/\/tvc16.com\/portal\/wp-json\/wp\/v2\/posts"}],"about":[{"href":"https:\/\/tvc16.com\/portal\/wp-json\/wp\/v2\/types\/post"}],"author":[{"embeddable":true,"href":"https:\/\/tvc16.com\/portal\/wp-json\/wp\/v2\/users\/2"}],"replies":[{"embeddable":true,"href":"https:\/\/tvc16.com\/portal\/wp-json\/wp\/v2\/comments?post=97362"}],"version-history":[{"count":1,"href":"https:\/\/tvc16.com\/portal\/wp-json\/wp\/v2\/posts\/97362\/revisions"}],"predecessor-version":[{"id":97364,"href":"https:\/\/tvc16.com\/portal\/wp-json\/wp\/v2\/posts\/97362\/revisions\/97364"}],"wp:featuredmedia":[{"embeddable":true,"href":"https:\/\/tvc16.com\/portal\/wp-json\/wp\/v2\/media\/97363"}],"wp:attachment":[{"href":"https:\/\/tvc16.com\/portal\/wp-json\/wp\/v2\/media?parent=97362"}],"wp:term":[{"taxonomy":"category","embeddable":true,"href":"https:\/\/tvc16.com\/portal\/wp-json\/wp\/v2\/categories?post=97362"},{"taxonomy":"post_tag","embeddable":true,"href":"https:\/\/tvc16.com\/portal\/wp-json\/wp\/v2\/tags?post=97362"}],"curies":[{"name":"wp","href":"https:\/\/api.w.org\/{rel}","templated":true}]}}