{"id":97377,"date":"2025-01-16T05:00:00","date_gmt":"2025-01-16T08:00:00","guid":{"rendered":"https:\/\/tvc16.com\/portal\/?p=97377"},"modified":"2025-01-15T16:16:35","modified_gmt":"2025-01-15T19:16:35","slug":"forca-do-emprego-faz-servicos-as-familias-terem-maior-nivel-desde-2015","status":"publish","type":"post","link":"https:\/\/tvc16.com\/portal\/2025\/01\/16\/forca-do-emprego-faz-servicos-as-familias-terem-maior-nivel-desde-2015\/","title":{"rendered":"For\u00e7a do emprego faz servi\u00e7os \u00e0s fam\u00edlias terem maior n\u00edvel desde 2015"},"content":{"rendered":"\n<p>A redu\u00e7\u00e3o do desemprego e a melhora do rendimento das fam\u00edlias em 2024 fizeram com que os servi\u00e7os prestados \u00e0s fam\u00edlias alcan\u00e7assem o maior patamar desde fevereiro de 2015.<img decoding=\"async\" src=\"https:\/\/agenciabrasil.ebc.com.br\/ebc.png?id=1626878&amp;o=node\"><img decoding=\"async\" src=\"https:\/\/agenciabrasil.ebc.com.br\/ebc.gif?id=1626878&amp;o=node\"><\/p>\n\n\n\n<p>A constata\u00e7\u00e3o faz parte da Pesquisa Mensal de Servi\u00e7os (PMS), divulgada nesta quarta-feira (15) pelo Instituto Brasileiro de Geografia e Estat\u00edstica (IBGE).<\/p>\n\n\n\n<p>Em novembro, aponta o levantamento, essas atividades tiveram expans\u00e3o de 1,7% na compara\u00e7\u00e3o com outubro.<\/p>\n\n\n\n<p>Os servi\u00e7os prestados \u00e0s fam\u00edlias s\u00e3o um dos cinco grandes grupos de atividades pesquisadas pelo IBGE para medir o desempenho do setor de servi\u00e7os como um todo, que conta ainda com atividades como transporte, correios, telecomunica\u00e7\u00f5es e tecnologia da informa\u00e7\u00e3o.<\/p>\n\n\n\n<p>No geral, o&nbsp;<a href=\"https:\/\/agenciabrasil.ebc.com.br\/economia\/noticia\/2025-01\/setor-de-servicos-recua-09-em-novembro-influenciado-por-transporte\" target=\"_blank\" rel=\"noreferrer noopener\">setor teve recuo de 0,9%<\/a>&nbsp;na passagem de outubro para novembro. Os servi\u00e7os prestados \u00e0s fam\u00edlias t\u00eam um peso de 8,24% na PMS.<\/p>\n\n\n\n<p>No acumulado de maio a novembro de 2024, esses servi\u00e7os cresceram 6,7%, em rela\u00e7\u00e3o ao mesmo per\u00edodo de 2023. Foram seis altas mensais e uma estabilidade (varia\u00e7\u00e3o de 0%). No acumulado de 12 meses, a expans\u00e3o \u00e9 de 5%.<\/p>\n\n\n\n<p>Em 2023, o ganho no per\u00edodo (maio a novembro) foi similar, 6,6%. No entanto, o gerente da pesquisa, Rodrigo Lobo, destaca que ao longo de 2024, oito das 11 taxas mensais de servi\u00e7os prestados \u00e0s fam\u00edlias foram positivas e com intensidade maior.<\/p>\n\n\n\n<p>Os n\u00fameros funcionaram como uma alavanca para a categoria superar o n\u00edvel de fevereiro de 2015. No entanto, fica ainda 5,7% do ponto mais alto j\u00e1 atingido, em maio de 2014. A s\u00e9rie hist\u00f3rica do IBGE foi iniciada em janeiro de 2011.<\/p>\n\n\n\n<h2 class=\"wp-block-heading\">Efeito da renda<\/h2>\n\n\n\n<p>Entre os servi\u00e7os prestados \u00e0s fam\u00edlias, est\u00e3o atividades como restaurantes, servi\u00e7os de buf\u00ea, espet\u00e1culos de teatro e musicais, hot\u00e9is, parques de divers\u00e3o, academia, lavanderia, cabeleireiro e ensino de idioma.<\/p>\n\n\n\n<p>O gerente da pesquisa, Rodrigo Lobo, aponta que a sequ\u00eancia de resultados mensais seguidos permite relacionar o desempenho do grupo de atividades com o comportamento positivo do n\u00edvel de emprego e de renda no pa\u00eds. Segundo ele, h\u00e1 um conjunto suficientemente relevante para fazer a rela\u00e7\u00e3o entre o setor e dados de emprego e renda.<\/p>\n\n\n\n<p>&#8220;A maior frequ\u00eancia e intensidades das taxas desse setor no ano de 2024 podem estar atreladas a melhorias no mercado de trabalho e no n\u00edvel de renda, fazendo com que mais pessoas estejam podendo consumir servi\u00e7os como restaurantes, hospedagens, academias,&nbsp;<em>shows<\/em>, etc.&#8221;, avalia Lobo.<\/p>\n\n\n\n<h2 class=\"wp-block-heading\">Cen\u00e1rio econ\u00f4mico<\/h2>\n\n\n\n<figure class=\"wp-block-image\"><img loading=\"lazy\" decoding=\"async\" width=\"463\" height=\"308\" src=\"https:\/\/tvc16.com\/portal\/wp-content\/uploads\/2025\/01\/economista_juliana_trece_-_fgv_divulgacao.webp\" alt=\"Bras\u00edlia (DF), 15\/01\/2025 - Economista Juliana Trece. For\u00e7a do emprego faz servi\u00e7os \u00e0s fam\u00edlias terem maior n\u00edvel desde 2015. Foto: FGV\/Divulga\u00e7\u00e3o\" class=\"wp-image-97379\" title=\"FGV\/Divulga\u00e7\u00e3o\" srcset=\"https:\/\/tvc16.com\/portal\/wp-content\/uploads\/2025\/01\/economista_juliana_trece_-_fgv_divulgacao.webp 463w, https:\/\/tvc16.com\/portal\/wp-content\/uploads\/2025\/01\/economista_juliana_trece_-_fgv_divulgacao-300x200.webp 300w\" sizes=\"auto, (max-width: 463px) 100vw, 463px\" \/><\/figure>\n\n\n\n<h6 class=\"wp-block-heading\">Economista Juliana Trece \u00e9 coordenadora do Monitor do PIB da FGV &#8211;&nbsp;<strong>FGV\/Divulga\u00e7\u00e3o<\/strong><\/h6>\n\n\n\n<p>O dado mais recente do mercado de trabalho mostra que a taxa de desocupa\u00e7\u00e3o, mais conhecida como desemprego,&nbsp;<a href=\"https:\/\/agenciabrasil.ebc.com.br\/economia\/noticia\/2024-12\/economia-ano-fecha-com-alta-do-pib-emprego-recorde-e-juros-altos\" target=\"_blank\" rel=\"noreferrer noopener\">fechou o trimestre encerrado em novembro<\/a>&nbsp;em 6,1%. Esse \u00e9 o menor \u00edndice da s\u00e9rie hist\u00f3rica da Pesquisa Nacional por Amostra de Domic\u00edlios (Pnad) Cont\u00ednua, iniciada em 2012 pelo IBGE.<\/p>\n\n\n\n<p>Em novembro, o rendimento m\u00e9dio ficou em R$ 3.285, crescimento de 3,4% ante o mesmo per\u00edodo de 2023. A massa de rendimento \u2013 somat\u00f3rio do que \u00e9 recebido pelo conjunto de trabalhadores \u2013 foi recorde, R$ 332,7 bilh\u00f5es, com alta de 7,2% em um ano.<\/p>\n\n\n\n<p>A economista Juliana Trece, do Instituto Brasileiro de Economia (Ibre) da Funda\u00e7\u00e3o Getulio Vargas (FGV), ressalta a necessidade de haver um casamento entre o mercado de trabalho aquecido e o n\u00edvel de investimento da economia, para que o crescimento econ\u00f4mico seja sustent\u00e1vel. &nbsp;<\/p>\n\n\n\n<p>\u201cO mercado de trabalho aquecido \u00e9 \u00f3timo em termos de desempenho da atividade econ\u00f4mica. No entanto, isso gera um aumento da demanda das fam\u00edlias que pode se refletir em uma press\u00e3o inflacionaria, caso a oferta n\u00e3o acompanhe esse aumento da demanda. Por essa raz\u00e3o que temos um ambiente em que o PIB [Produto Interno Bruto, conjunto de todos os bens e servi\u00e7os produzidos no pa\u00eds] tem um desempenho forte, mas a infla\u00e7\u00e3o estourou a meta\u201d, disse \u00e0&nbsp;<strong>Ag\u00eancia Brasil<\/strong>.<\/p>\n\n\n\n<p>\u201cPara que o crescimento da economia n\u00e3o pressione a infla\u00e7\u00e3o, \u00e9 fundamental que os investimentos se concretizem, para que a capacidade da economia cres\u00e7a. Em 2024 os investimentos cresceram, mas estruturalmente o&nbsp;<a href=\"https:\/\/agenciabrasil.ebc.com.br\/economia\/noticia\/2024-12\/pib-do-brasil-e-destaque-do-g20-mas-nivel-de-investimento-preocupa\" target=\"_blank\" rel=\"noreferrer noopener\">Brasil tem dificuldades<\/a>&nbsp;em ter um patamar de investimentos elevados\u201d, completa a coordenadora do Monitor do PIB da FGV, estudo que busca adiantar dados sobre o comportamento da economia brasileira.<\/p>\n\n\n\n<h2 class=\"wp-block-heading\">Infla\u00e7\u00e3o e juros<\/h2>\n\n\n\n<p>A economia aquecida foi um dos fatores que fizeram com que a infla\u00e7\u00e3o de 2024 (4,83%) estourasse a meta, de acordo com especialistas e o Banco Central (BC).<\/p>\n\n\n\n<p>O chamado \u201chiato do produto\u201d, que pode ser entendido como uma medida de quanto a economia cresce acima do potencial e causa press\u00e3o inflacion\u00e1ria, foi um dos pontos citados pelo BC na carta aberta enviada ao ministro da Fazenda, Fernando Haddad, para explicar o&nbsp;<a href=\"https:\/\/agenciabrasil.ebc.com.br\/economia\/noticia\/2025-01\/bc-dolar-e-economia-aquecida-explicam-maior-parte-da-alta-da-inflacao\" target=\"_blank\" rel=\"noreferrer noopener\">fato de a infla\u00e7\u00e3o superar<\/a>&nbsp;o teto da meta, de 4,5%.<\/p>\n\n\n\n<p>Bruno de Freitas Moura \u2013 Rep\u00f3rter da Ag\u00eancia Brasil<br>Foto:\u00a9 Paulo Pinto\/Ag\u00eancia Brasil<br><\/p>\n","protected":false},"excerpt":{"rendered":"<p>A redu\u00e7\u00e3o do desemprego e a melhora do rendimento das fam\u00edlias em 2024 fizeram com<\/p>\n","protected":false},"author":2,"featured_media":97378,"comment_status":"open","ping_status":"open","sticky":false,"template":"","format":"standard","meta":{"footnotes":""},"categories":[17],"tags":[],"class_list":["post-97377","post","type-post","status-publish","format-standard","has-post-thumbnail","hentry","category-outras-noticias"],"_links":{"self":[{"href":"https:\/\/tvc16.com\/portal\/wp-json\/wp\/v2\/posts\/97377","targetHints":{"allow":["GET"]}}],"collection":[{"href":"https:\/\/tvc16.com\/portal\/wp-json\/wp\/v2\/posts"}],"about":[{"href":"https:\/\/tvc16.com\/portal\/wp-json\/wp\/v2\/types\/post"}],"author":[{"embeddable":true,"href":"https:\/\/tvc16.com\/portal\/wp-json\/wp\/v2\/users\/2"}],"replies":[{"embeddable":true,"href":"https:\/\/tvc16.com\/portal\/wp-json\/wp\/v2\/comments?post=97377"}],"version-history":[{"count":1,"href":"https:\/\/tvc16.com\/portal\/wp-json\/wp\/v2\/posts\/97377\/revisions"}],"predecessor-version":[{"id":97380,"href":"https:\/\/tvc16.com\/portal\/wp-json\/wp\/v2\/posts\/97377\/revisions\/97380"}],"wp:featuredmedia":[{"embeddable":true,"href":"https:\/\/tvc16.com\/portal\/wp-json\/wp\/v2\/media\/97378"}],"wp:attachment":[{"href":"https:\/\/tvc16.com\/portal\/wp-json\/wp\/v2\/media?parent=97377"}],"wp:term":[{"taxonomy":"category","embeddable":true,"href":"https:\/\/tvc16.com\/portal\/wp-json\/wp\/v2\/categories?post=97377"},{"taxonomy":"post_tag","embeddable":true,"href":"https:\/\/tvc16.com\/portal\/wp-json\/wp\/v2\/tags?post=97377"}],"curies":[{"name":"wp","href":"https:\/\/api.w.org\/{rel}","templated":true}]}}