{"id":97387,"date":"2025-01-16T08:05:18","date_gmt":"2025-01-16T11:05:18","guid":{"rendered":"https:\/\/tvc16.com\/portal\/?p=97387"},"modified":"2025-01-16T08:05:21","modified_gmt":"2025-01-16T11:05:21","slug":"azul-e-gol-assinam-acordo-para-avaliar-fusao-entre-as-aereas","status":"publish","type":"post","link":"https:\/\/tvc16.com\/portal\/2025\/01\/16\/azul-e-gol-assinam-acordo-para-avaliar-fusao-entre-as-aereas\/","title":{"rendered":"Azul e Gol assinam acordo para avaliar fus\u00e3o entre as a\u00e9reas"},"content":{"rendered":"\n<p><em>Conversas avan\u00e7ar\u00e3o a partir de abril, ap\u00f3s reestrutura\u00e7\u00e3o da Gol<\/em><\/p>\n\n\n\n<p>Por Wellton M\u00e1ximo \u2013 Rep\u00f3rter da Ag\u00eancia Brasil \/ Foto: Marcelo Camargo\/Ag\u00eancia Brasil<\/p>\n\n\n\n<p><\/p>\n\n\n\n<p>As companhias a\u00e9reas Azul e Gol assinaram nesta quarta-feira (15) um memorando de entendimento para iniciar as negocia\u00e7\u00f5es para uma fus\u00e3o. Caso a uni\u00e3o se concretize, a nova empresa concentrar\u00e1 60% do mercado a\u00e9reo no pa\u00eds.<img decoding=\"async\" src=\"https:\/\/agenciabrasil.ebc.com.br\/ebc.png?id=1626940&amp;o=node\"><img decoding=\"async\" src=\"https:\/\/agenciabrasil.ebc.com.br\/ebc.gif?id=1626940&amp;o=node\"><\/p>\n\n\n\n<p>Pelo memorando, divulgado ao mercado financeiro na noite desta quarta, a fus\u00e3o depende do fim da recupera\u00e7\u00e3o judicial da Gol nos Estados Unidos, prevista para abril. A nova empresa ter\u00e1 tr\u00eas conselheiros da Abra, holding que controla a Gol e a Avianca, tr\u00eas da Azul e tr\u00eas independentes.<\/p>\n\n\n\n<p>O presidente do conselho da futura companhia (chairman em ingl\u00eas) ser\u00e1 indicado pela Abra e o diretor-executivo (CEO, na sigla em ingl\u00eas) ser\u00e1 indicado pela Azul. Dessa forma, o CEO da Azul, John Rodgerson, assumir\u00e1 a presid\u00eancia do novo grupo ap\u00f3s o Conselho Administrativo de Defesa Econ\u00f4mica (Cade) e a Ag\u00eancia Nacional de Avia\u00e7\u00e3o Civil (Anac) aprovarem a fus\u00e3o, o que est\u00e1 previsto para 2026.<\/p>\n\n\n\n<p>O memorando prev\u00ea que a nova companhia seguir\u00e1 o modelo de \u201ccorporation\u201d, empresa sem controlador definido, com a Abra sendo a maior acionista. No entanto, a defini\u00e7\u00e3o dos&nbsp;percentuais exatos de participa\u00e7\u00e3o de cada a\u00e9rea depende&nbsp;do&nbsp;fim da renegocia\u00e7\u00e3o de d\u00edvidas da Gol nos Estados Unidos.<\/p>\n\n\n<div class=\"wp-block-image\">\n<figure class=\"alignleft\"><img decoding=\"async\" src=\"https:\/\/imagens.ebc.com.br\/RAJdEwgSSM5oPRQaLuSICbdcbsE=\/463x0\/smart\/https:\/\/agenciabrasil.ebc.com.br\/sites\/default\/files\/thumbnails\/image\/avioes-aeroporto_mcamgo_abr_290720221818-8.jpg?itok=7uP2tpqW\" alt=\"Movimenta\u00e7\u00e3o de avi\u00f5es comerciais no aeroporto de Bras\u00edlia.\" title=\"Marcelo Camargo\/Ag\u00eancia Brasil\"\/><\/figure>\n<\/div>\n\n\n<h6 class=\"wp-block-heading\">Avi\u00e3o da companhia a\u00e9rea Azul.<strong>&nbsp;Foto:&nbsp;Marcelo Camargo\/Ag\u00eancia Brasil<\/strong><\/h6>\n\n\n\n<h2 class=\"wp-block-heading\">Marcas<\/h2>\n\n\n\n<p>As marcas Gol e Azul continuar\u00e3o a existir de forma independente, mas as duas a\u00e9reas poder\u00e3o compartilhar aeronaves, com uma companhia fazendo voos da outra, de modo a aumentar a liga\u00e7\u00e3o entre grandes cidades e destinos regionais.<\/p>\n\n\n\n<p>Nenhuma das duas companhias far\u00e1 novos investimentos financeiros para a fus\u00e3o, que envolver\u00e1 somente ativos j\u00e1 dispon\u00edveis. A Azul tamb\u00e9m continuar\u00e1 a comprar avi\u00f5es da Embraer e a buscar sinergias em voos internacionais.<\/p>\n\n\n\n<p>Conforme o memorando, a alavancagem das duas empresas somada n\u00e3o poder\u00e1 ultrapassar a da Gol depois do fim da recupera\u00e7\u00e3o judicial. Se esse par\u00e2metro n\u00e3o for alcan\u00e7ado, a fus\u00e3o n\u00e3o se concretizar\u00e1.<\/p>\n\n\n\n<p>A alavancagem representa o uso de recursos de terceiros para multiplicar a capacidade de investimento de uma empresa.<\/p>\n\n\n\n<p>No fim do terceiro trimestre, a Gol divulgou que a alavancagem estava em 5,5 vezes e, no comunicado desta quarta, informou que pretende chegar ao fim da recupera\u00e7\u00e3o judicial, em abril, com o indicador em torno de 4,5 vezes.<br><\/p>\n","protected":false},"excerpt":{"rendered":"<p>Conversas avan\u00e7ar\u00e3o a partir de abril, ap\u00f3s reestrutura\u00e7\u00e3o da Gol Por Wellton M\u00e1ximo \u2013 Rep\u00f3rter<\/p>\n","protected":false},"author":2,"featured_media":97388,"comment_status":"open","ping_status":"open","sticky":false,"template":"","format":"standard","meta":{"footnotes":""},"categories":[17],"tags":[],"class_list":["post-97387","post","type-post","status-publish","format-standard","has-post-thumbnail","hentry","category-outras-noticias"],"_links":{"self":[{"href":"https:\/\/tvc16.com\/portal\/wp-json\/wp\/v2\/posts\/97387","targetHints":{"allow":["GET"]}}],"collection":[{"href":"https:\/\/tvc16.com\/portal\/wp-json\/wp\/v2\/posts"}],"about":[{"href":"https:\/\/tvc16.com\/portal\/wp-json\/wp\/v2\/types\/post"}],"author":[{"embeddable":true,"href":"https:\/\/tvc16.com\/portal\/wp-json\/wp\/v2\/users\/2"}],"replies":[{"embeddable":true,"href":"https:\/\/tvc16.com\/portal\/wp-json\/wp\/v2\/comments?post=97387"}],"version-history":[{"count":1,"href":"https:\/\/tvc16.com\/portal\/wp-json\/wp\/v2\/posts\/97387\/revisions"}],"predecessor-version":[{"id":97389,"href":"https:\/\/tvc16.com\/portal\/wp-json\/wp\/v2\/posts\/97387\/revisions\/97389"}],"wp:featuredmedia":[{"embeddable":true,"href":"https:\/\/tvc16.com\/portal\/wp-json\/wp\/v2\/media\/97388"}],"wp:attachment":[{"href":"https:\/\/tvc16.com\/portal\/wp-json\/wp\/v2\/media?parent=97387"}],"wp:term":[{"taxonomy":"category","embeddable":true,"href":"https:\/\/tvc16.com\/portal\/wp-json\/wp\/v2\/categories?post=97387"},{"taxonomy":"post_tag","embeddable":true,"href":"https:\/\/tvc16.com\/portal\/wp-json\/wp\/v2\/tags?post=97387"}],"curies":[{"name":"wp","href":"https:\/\/api.w.org\/{rel}","templated":true}]}}